{"id":442,"date":"2008-09-17T00:00:00","date_gmt":"2008-09-16T22:00:00","guid":{"rendered":"https:\/\/guitrans.eus\/wp\/index.php\/2008\/09\/17\/los-trade-deberan-comunicar-su-condicion-de-autonomo-economicamente-dependiente-antes-del-12-de-octubre\/"},"modified":"2008-09-17T00:00:00","modified_gmt":"2008-09-16T22:00:00","slug":"los-trade-deberan-comunicar-su-condicion-de-autonomo-economicamente-dependiente-antes-del-12-de-octubre","status":"publish","type":"post","link":"https:\/\/www.guitrans.eus\/eu\/2008\/09\/17\/los-trade-deberan-comunicar-su-condicion-de-autonomo-economicamente-dependiente-antes-del-12-de-octubre\/","title":{"rendered":"Los TRADE deber\u00e1n comunicar su condici\u00f3n de aut\u00f3nomo econ\u00f3micamente dependiente antes del 12 de octubre"},"content":{"rendered":"<p>El estatuto de trabajador aut\u00f3nomo establece tambi\u00e9n que aquellos que cumplan esta condici\u00f3n deben comunicar su condici\u00f3n antes del pr\u00f3ximo 12 de octubre. Para ello deber\u00e1n notificar por escrito a su cliente para el que trabaja su condici\u00f3n de aut\u00f3nomo dependiente. Deber\u00e1 asimismo comunicarlo a la Tesorer\u00eda General de la Seguridad Social a fin de ser incluidos en la cobertura de incapacidad temporal y de accidentes de trabajo y enfermedades profesionales.<\/p>\n","protected":false},"excerpt":{"rendered":"<p>La Ley 20\/2007, de 11 de julio, del Estatuto del trabajo aut\u00f3nomo, pubilicada en el BOE de 12 de julio de 2007, especifica que cuando el transportista aut\u00f3nomo desarrolle su actividad en casi exclusiva dependencia econ\u00f3mica de un mismo cliente que los contrata al que factura al menos el 75% de sus ingresos, y adem\u00e1s no tenga trabajadores a su servicio ni subcontrate parte de su actividad con otros transportistas, recibir\u00e1 la calificaci\u00f3n de aut\u00f3nomo econ\u00f3micamente dependiente de su cliente (TRADE), lo que le otorgar\u00e1 una serie de derechos (contrato escrito, jornada de trabajo pactada, vacaciones, indemnizaci\u00f3n por extinci\u00f3n contractual, posibilidad de suscribir acuerdos colectivos, etc.).<\/p>\n","protected":false},"author":1,"featured_media":0,"comment_status":"open","ping_status":"open","sticky":false,"template":"","format":"standard","meta":{"footnotes":""},"categories":[1],"tags":[],"class_list":["post-442","post","type-post","status-publish","format-standard","hentry","category-sin-categorizar"],"_links":{"self":[{"href":"https:\/\/www.guitrans.eus\/eu\/wp-json\/wp\/v2\/posts\/442","targetHints":{"allow":["GET"]}}],"collection":[{"href":"https:\/\/www.guitrans.eus\/eu\/wp-json\/wp\/v2\/posts"}],"about":[{"href":"https:\/\/www.guitrans.eus\/eu\/wp-json\/wp\/v2\/types\/post"}],"author":[{"embeddable":true,"href":"https:\/\/www.guitrans.eus\/eu\/wp-json\/wp\/v2\/users\/1"}],"replies":[{"embeddable":true,"href":"https:\/\/www.guitrans.eus\/eu\/wp-json\/wp\/v2\/comments?post=442"}],"version-history":[{"count":0,"href":"https:\/\/www.guitrans.eus\/eu\/wp-json\/wp\/v2\/posts\/442\/revisions"}],"wp:attachment":[{"href":"https:\/\/www.guitrans.eus\/eu\/wp-json\/wp\/v2\/media?parent=442"}],"wp:term":[{"taxonomy":"category","embeddable":true,"href":"https:\/\/www.guitrans.eus\/eu\/wp-json\/wp\/v2\/categories?post=442"},{"taxonomy":"post_tag","embeddable":true,"href":"https:\/\/www.guitrans.eus\/eu\/wp-json\/wp\/v2\/tags?post=442"}],"curies":[{"name":"wp","href":"https:\/\/api.w.org\/{rel}","templated":true}]}}