{"id":4568,"date":"2015-05-11T00:00:00","date_gmt":"2015-05-10T22:00:00","guid":{"rendered":"https:\/\/guitrans.eus\/wp\/index.php\/2015\/05\/11\/publicada-la-nueva-directiva-europea-de-pesos-y-dimensiones\/"},"modified":"2015-05-11T00:00:00","modified_gmt":"2015-05-10T22:00:00","slug":"publicada-la-nueva-directiva-europea-de-pesos-y-dimensiones","status":"publish","type":"post","link":"https:\/\/www.guitrans.eus\/eu\/2015\/05\/11\/publicada-la-nueva-directiva-europea-de-pesos-y-dimensiones\/","title":{"rendered":"Publicada la nueva Directiva europea de pesos y dimensiones"},"content":{"rendered":"<p>Los Estados miembros pondr\u00e1n en vigor las disposiciones legales, reglamentarias y administrativas necesarias para dar cumplimiento a lo establecido en la presente Directiva a m\u00e1s tardar el 7 de mayo de 2017. La normativa actual sobre los veh\u00edculos de 25,25 m y 60 tn no cambia,<br \/>\npor lo que los pa\u00edses miembros podr\u00e1n seguir permitiendo la circulaci\u00f3n<br \/>\nde veh\u00edculos que excedan las normas de la UE en su propio territorio,<br \/>\nsiempre que al hacerlo la competencia internacional no se vea afectada<br \/>\nde un modo significativo.<\/p>\n","protected":false},"excerpt":{"rendered":"<p>La Directiva 2015\/719, publicada en el DOUE del pasado 6 de mayo, modifica la Directiva 96\/53, entra en vigor el pr\u00f3ximo d\u00eda 26.<\/p>\n","protected":false},"author":1,"featured_media":0,"comment_status":"open","ping_status":"open","sticky":false,"template":"","format":"standard","meta":{"footnotes":""},"categories":[12],"tags":[],"class_list":["post-4568","post","type-post","status-publish","format-standard","hentry","category-europa"],"_links":{"self":[{"href":"https:\/\/www.guitrans.eus\/eu\/wp-json\/wp\/v2\/posts\/4568","targetHints":{"allow":["GET"]}}],"collection":[{"href":"https:\/\/www.guitrans.eus\/eu\/wp-json\/wp\/v2\/posts"}],"about":[{"href":"https:\/\/www.guitrans.eus\/eu\/wp-json\/wp\/v2\/types\/post"}],"author":[{"embeddable":true,"href":"https:\/\/www.guitrans.eus\/eu\/wp-json\/wp\/v2\/users\/1"}],"replies":[{"embeddable":true,"href":"https:\/\/www.guitrans.eus\/eu\/wp-json\/wp\/v2\/comments?post=4568"}],"version-history":[{"count":0,"href":"https:\/\/www.guitrans.eus\/eu\/wp-json\/wp\/v2\/posts\/4568\/revisions"}],"wp:attachment":[{"href":"https:\/\/www.guitrans.eus\/eu\/wp-json\/wp\/v2\/media?parent=4568"}],"wp:term":[{"taxonomy":"category","embeddable":true,"href":"https:\/\/www.guitrans.eus\/eu\/wp-json\/wp\/v2\/categories?post=4568"},{"taxonomy":"post_tag","embeddable":true,"href":"https:\/\/www.guitrans.eus\/eu\/wp-json\/wp\/v2\/tags?post=4568"}],"curies":[{"name":"wp","href":"https:\/\/api.w.org\/{rel}","templated":true}]}}