{"id":4665,"date":"2015-07-06T00:00:00","date_gmt":"2015-07-05T22:00:00","guid":{"rendered":"https:\/\/guitrans.eus\/wp\/index.php\/2015\/07\/06\/la-dgt-publica-la-ubicacion-de-los-1-500-radares-moviles\/"},"modified":"2015-07-06T00:00:00","modified_gmt":"2015-07-05T22:00:00","slug":"la-dgt-publica-la-ubicacion-de-los-1-500-radares-moviles","status":"publish","type":"post","link":"https:\/\/www.guitrans.eus\/eu\/2015\/07\/06\/la-dgt-publica-la-ubicacion-de-los-1-500-radares-moviles\/","title":{"rendered":"La DGT publica la ubicaci\u00f3n de los 1.500 radares m\u00f3viles"},"content":{"rendered":"<p>En cambio, la situaci\u00f3n de los radares m\u00f3viles en las carreteras vascas no se va a hacer p\u00fablica. Se publican en www.dgt.es los tramos de v\u00edas en los que se intensificar\u00e1 la vigilancia de la<br \/>\nvelocidad con radares m\u00f3viles<br \/>\nEstos tramos han sido identificados en funci\u00f3n de su peligrosidad, por<br \/>\nel n\u00famero y gravedad de accidentes que se hayan producido y por la<br \/>\nvelocidad media detectada.<\/p>\n","protected":false},"excerpt":{"rendered":"<p>En cambio, la situaci\u00f3n de los radares m\u00f3viles en las<a href=\"https:\/\/www.guitrans.eus\/eu\/2015\/07\/06\/la-dgt-publica-la-ubicacion-de-los-1-500-radares-moviles\/\" rel=\"nofollow\">Seguir leyendo&#8230;<\/a><\/p>\n","protected":false},"author":1,"featured_media":0,"comment_status":"open","ping_status":"open","sticky":false,"template":"","format":"standard","meta":{"footnotes":""},"categories":[36],"tags":[],"class_list":["post-4665","post","type-post","status-publish","format-standard","hentry","category-trafico-seguridad-vial"],"_links":{"self":[{"href":"https:\/\/www.guitrans.eus\/eu\/wp-json\/wp\/v2\/posts\/4665","targetHints":{"allow":["GET"]}}],"collection":[{"href":"https:\/\/www.guitrans.eus\/eu\/wp-json\/wp\/v2\/posts"}],"about":[{"href":"https:\/\/www.guitrans.eus\/eu\/wp-json\/wp\/v2\/types\/post"}],"author":[{"embeddable":true,"href":"https:\/\/www.guitrans.eus\/eu\/wp-json\/wp\/v2\/users\/1"}],"replies":[{"embeddable":true,"href":"https:\/\/www.guitrans.eus\/eu\/wp-json\/wp\/v2\/comments?post=4665"}],"version-history":[{"count":0,"href":"https:\/\/www.guitrans.eus\/eu\/wp-json\/wp\/v2\/posts\/4665\/revisions"}],"wp:attachment":[{"href":"https:\/\/www.guitrans.eus\/eu\/wp-json\/wp\/v2\/media?parent=4665"}],"wp:term":[{"taxonomy":"category","embeddable":true,"href":"https:\/\/www.guitrans.eus\/eu\/wp-json\/wp\/v2\/categories?post=4665"},{"taxonomy":"post_tag","embeddable":true,"href":"https:\/\/www.guitrans.eus\/eu\/wp-json\/wp\/v2\/tags?post=4665"}],"curies":[{"name":"wp","href":"https:\/\/api.w.org\/{rel}","templated":true}]}}