{"id":4702,"date":"2015-07-31T00:00:00","date_gmt":"2015-07-30T22:00:00","guid":{"rendered":"https:\/\/guitrans.eus\/wp\/index.php\/2015\/07\/31\/14-organizaciones-de-la-ceoe-solicitan-a-fomento-que-permita-de-forma-inmediata-las-44-toneladas\/"},"modified":"2015-07-31T00:00:00","modified_gmt":"2015-07-30T22:00:00","slug":"14-organizaciones-de-la-ceoe-solicitan-a-fomento-que-permita-de-forma-inmediata-las-44-toneladas","status":"publish","type":"post","link":"https:\/\/www.guitrans.eus\/eu\/2015\/07\/31\/14-organizaciones-de-la-ceoe-solicitan-a-fomento-que-permita-de-forma-inmediata-las-44-toneladas\/","title":{"rendered":"14 organizaciones de la CEOE solicitan a Fomento que permita de forma inmediata las 44 toneladas"},"content":{"rendered":"<p>En la misiva que han hecho llegar a la ministra de Fomento argumentan<br \/>\n&#8220;que no se trata de un capricho, sino de una medida que supondr\u00eda una<br \/>\ninyecci\u00f3n inmediata de productividad para la econom\u00eda espa\u00f1ola y que<br \/>\nprovocar\u00eda una mayor generaci\u00f3n de riqueza y empleo&#8221;. Seg\u00fan las organizaciones, la medida &#8220;no exige ninguna inversi\u00f3n<br \/>\ncomplementaria&#8221; -se trata s\u00f3lo de rentabilizar m\u00e1s espacio de carga- es<br \/>\nvoluntaria y su aplicaci\u00f3n permitir\u00eda reducir las emisiones de CO2 en<br \/>\nm\u00e1s de 100.000 toneladas al a\u00f1o. Las organizaciones que est\u00e1n detr\u00e1s de la petici\u00f3n al Gobierno, adem\u00e1s de la CEOE de Madrid son las siguiente:  <\/p>\n<p>  ACES (Asociaci\u00f3n de Cadenas Espa\u00f1olas de Supermercados)<br \/>\n  Aecoc&nbsp;(Asociaci\u00f3n de Fabricantes y Distribuidores)<br \/>\n  Anged&nbsp;(Asociaci\u00f3n Nacional de Grandes Empresas de Distribuci\u00f3n)<br \/>\n  AOP (Asociaci\u00f3n Espa\u00f1ola de Operadores de Productos Petrol\u00edferos)<br \/>\n  Ascer&nbsp;(Asociaci\u00f3n Espa\u00f1ola de Fabricantes de Azulejos y pavimentos de Productos Cer\u00e1micos)<br \/>\n  Asedas&nbsp;(Asociaci\u00f3n Espa\u00f1ola de Distribuidores, Autoservicios y Supermercados)<br \/>\n  Aspapel&nbsp;(Asociaci\u00f3n Espa\u00f1ola de Fabricantes de Pasta, Papel y Cart\u00f3n)<br \/>\n  CEIM-CEOE&nbsp;(Confederaci\u00f3n Empresarial Independiente de Madrid)<br \/>\n  Cepco&nbsp;(Conf. Espa\u00f1ola de Asoc. de Fabricantes de Productos de Construcci\u00f3n)<br \/>\n  Feigue&nbsp;(Federaci\u00f3n Empresarial de la Industria Qu\u00edmica Espa\u00f1ola)<br \/>\n  FIAB (Federaci\u00f3n Espa\u00f1ola de Industrias de la Alimentaci\u00f3n y Bebidas)<br \/>\n  Hispalyt&nbsp;(Asociaci\u00f3n Espa\u00f1ola de Fabricantes de Productos Cer\u00e1micos)<br \/>\n  Unesid&nbsp;(Uni\u00f3n de empresas Sider\u00fargicas)<br \/>\n  UNO (Organizaci\u00f3n empresarial de Log\u00edstica y Transporte).<\/p>\n","protected":false},"excerpt":{"rendered":"<p>Consideran que Espa\u00f1a es &#8220;una isla castigada sin esta medida de competitividad&#8221;.<\/p>\n","protected":false},"author":1,"featured_media":0,"comment_status":"open","ping_status":"open","sticky":false,"template":"","format":"standard","meta":{"footnotes":""},"categories":[88],"tags":[],"class_list":["post-4702","post","type-post","status-publish","format-standard","hentry","category-araudia"],"_links":{"self":[{"href":"https:\/\/www.guitrans.eus\/eu\/wp-json\/wp\/v2\/posts\/4702","targetHints":{"allow":["GET"]}}],"collection":[{"href":"https:\/\/www.guitrans.eus\/eu\/wp-json\/wp\/v2\/posts"}],"about":[{"href":"https:\/\/www.guitrans.eus\/eu\/wp-json\/wp\/v2\/types\/post"}],"author":[{"embeddable":true,"href":"https:\/\/www.guitrans.eus\/eu\/wp-json\/wp\/v2\/users\/1"}],"replies":[{"embeddable":true,"href":"https:\/\/www.guitrans.eus\/eu\/wp-json\/wp\/v2\/comments?post=4702"}],"version-history":[{"count":0,"href":"https:\/\/www.guitrans.eus\/eu\/wp-json\/wp\/v2\/posts\/4702\/revisions"}],"wp:attachment":[{"href":"https:\/\/www.guitrans.eus\/eu\/wp-json\/wp\/v2\/media?parent=4702"}],"wp:term":[{"taxonomy":"category","embeddable":true,"href":"https:\/\/www.guitrans.eus\/eu\/wp-json\/wp\/v2\/categories?post=4702"},{"taxonomy":"post_tag","embeddable":true,"href":"https:\/\/www.guitrans.eus\/eu\/wp-json\/wp\/v2\/tags?post=4702"}],"curies":[{"name":"wp","href":"https:\/\/api.w.org\/{rel}","templated":true}]}}