{"id":4767,"date":"2015-10-02T00:00:00","date_gmt":"2015-10-01T22:00:00","guid":{"rendered":"https:\/\/guitrans.eus\/wp\/index.php\/2015\/10\/02\/la-direccion-de-trafico-instala-siete-nuevas-cabinas-de-radar-fijo\/"},"modified":"2015-10-02T00:00:00","modified_gmt":"2015-10-01T22:00:00","slug":"la-direccion-de-trafico-instala-siete-nuevas-cabinas-de-radar-fijo","status":"publish","type":"post","link":"https:\/\/www.guitrans.eus\/eu\/2015\/10\/02\/la-direccion-de-trafico-instala-siete-nuevas-cabinas-de-radar-fijo\/","title":{"rendered":"La Direcci\u00f3n de Tr\u00e1fico instala siete nuevas cabinas de radar fijo"},"content":{"rendered":"<p>Instalaciones en el Territorio Hist\u00f3rico de Araba: <\/p>\n<p>      V\u00eda<br \/>\n      Punto kilom\u00e9trico<br \/>\n      Sentido <\/p>\n<p>      AP-68<br \/>\n      51,800<br \/>\n      Zaragoza <\/p>\n<p>      AP-68<br \/>\n      54,070<br \/>\n      Bilbao <\/p>\n<p>Instalaciones en el Territorio Hist\u00f3rico de Gipuzkoa: <\/p>\n<p>      V\u00eda<br \/>\n      Punto kilom\u00e9trico<br \/>\n      Sentido <\/p>\n<p>      AP-8<br \/>\n      63,933<br \/>\n      Donostia <\/p>\n<p>      AP-8<br \/>\n      62,464<br \/>\n      Donostia <\/p>\n<p>      AP-8<br \/>\n      29,298<br \/>\n      Donostia <\/p>\n<p>      AP-8<br \/>\n      46,025<br \/>\n      Bilbao <\/p>\n<p>      AP-8<br \/>\n      57,250<br \/>\n      Bilbao <\/p>\n<p>El listado de cabinas de radar fijo gestionado por la Direcci\u00f3n de<br \/>\nTr\u00e1fico del Gobierno Vasco est\u00e1 accesible en la p\u00e1gina Web y se puede<br \/>\nconsultar en el siguiente enlace<\/p>\n","protected":false},"excerpt":{"rendered":"<p>Dos en la AP-68 y cinco en la AP-8. Estar\u00e1n operativos a partir del lunes 5 de octubre.<\/p>\n","protected":false},"author":1,"featured_media":0,"comment_status":"open","ping_status":"open","sticky":false,"template":"","format":"standard","meta":{"footnotes":""},"categories":[81],"tags":[],"class_list":["post-4767","post","type-post","status-publish","format-standard","hentry","category-trafico-seguridad-vial-eu"],"_links":{"self":[{"href":"https:\/\/www.guitrans.eus\/eu\/wp-json\/wp\/v2\/posts\/4767","targetHints":{"allow":["GET"]}}],"collection":[{"href":"https:\/\/www.guitrans.eus\/eu\/wp-json\/wp\/v2\/posts"}],"about":[{"href":"https:\/\/www.guitrans.eus\/eu\/wp-json\/wp\/v2\/types\/post"}],"author":[{"embeddable":true,"href":"https:\/\/www.guitrans.eus\/eu\/wp-json\/wp\/v2\/users\/1"}],"replies":[{"embeddable":true,"href":"https:\/\/www.guitrans.eus\/eu\/wp-json\/wp\/v2\/comments?post=4767"}],"version-history":[{"count":0,"href":"https:\/\/www.guitrans.eus\/eu\/wp-json\/wp\/v2\/posts\/4767\/revisions"}],"wp:attachment":[{"href":"https:\/\/www.guitrans.eus\/eu\/wp-json\/wp\/v2\/media?parent=4767"}],"wp:term":[{"taxonomy":"category","embeddable":true,"href":"https:\/\/www.guitrans.eus\/eu\/wp-json\/wp\/v2\/categories?post=4767"},{"taxonomy":"post_tag","embeddable":true,"href":"https:\/\/www.guitrans.eus\/eu\/wp-json\/wp\/v2\/tags?post=4767"}],"curies":[{"name":"wp","href":"https:\/\/api.w.org\/{rel}","templated":true}]}}