{"id":4796,"date":"2015-10-16T00:00:00","date_gmt":"2015-10-15T22:00:00","guid":{"rendered":"https:\/\/guitrans.eus\/wp\/index.php\/2015\/10\/16\/habra-bonificaciones-para-camiones-por-usar-la-ap-7\/"},"modified":"2015-10-16T00:00:00","modified_gmt":"2015-10-15T22:00:00","slug":"habra-bonificaciones-para-camiones-por-usar-la-ap-7","status":"publish","type":"post","link":"https:\/\/www.guitrans.eus\/eu\/2015\/10\/16\/habra-bonificaciones-para-camiones-por-usar-la-ap-7\/","title":{"rendered":"Habr\u00e1 bonificaciones para camiones por usar la AP-7"},"content":{"rendered":"<p>El Ministerio de Fomento se reunir\u00e1 en los pr\u00f3ximos d\u00edas con la Generalitat para consensuar bonificaciones de peaje a los veh\u00edculos pesados de<br \/>\ncuatro o m\u00e1s ejes para incentivar que se desv\u00eden desde la N-340 a la<br \/>\nAP-7 al norte de Castell\u00f3n y al sur de Tarragona, en el tramo<br \/>\nPe\u00f1\u00edscola-L\u00b4Hospitalet de L\u00b4Infant; y al norte de Tarragona, en el tramo<br \/>\n Vilaseca\/Salou-Vilafranca. A falta de que se cierren los detalles, todo<br \/>\n parece indicar que el descuento no sobrepasar\u00e1 el 50% del coste del<br \/>\npeaje.<\/p>\n","protected":false},"excerpt":{"rendered":"<p>El Ministerio de Fomento se reunir\u00e1 en los pr\u00f3ximos d\u00edas<a href=\"https:\/\/www.guitrans.eus\/eu\/2015\/10\/16\/habra-bonificaciones-para-camiones-por-usar-la-ap-7\/\" rel=\"nofollow\">Seguir leyendo&#8230;<\/a><\/p>\n","protected":false},"author":1,"featured_media":0,"comment_status":"open","ping_status":"open","sticky":false,"template":"","format":"standard","meta":{"footnotes":""},"categories":[100],"tags":[],"class_list":["post-4796","post","type-post","status-publish","format-standard","hentry","category-azpiegiturak"],"_links":{"self":[{"href":"https:\/\/www.guitrans.eus\/eu\/wp-json\/wp\/v2\/posts\/4796","targetHints":{"allow":["GET"]}}],"collection":[{"href":"https:\/\/www.guitrans.eus\/eu\/wp-json\/wp\/v2\/posts"}],"about":[{"href":"https:\/\/www.guitrans.eus\/eu\/wp-json\/wp\/v2\/types\/post"}],"author":[{"embeddable":true,"href":"https:\/\/www.guitrans.eus\/eu\/wp-json\/wp\/v2\/users\/1"}],"replies":[{"embeddable":true,"href":"https:\/\/www.guitrans.eus\/eu\/wp-json\/wp\/v2\/comments?post=4796"}],"version-history":[{"count":0,"href":"https:\/\/www.guitrans.eus\/eu\/wp-json\/wp\/v2\/posts\/4796\/revisions"}],"wp:attachment":[{"href":"https:\/\/www.guitrans.eus\/eu\/wp-json\/wp\/v2\/media?parent=4796"}],"wp:term":[{"taxonomy":"category","embeddable":true,"href":"https:\/\/www.guitrans.eus\/eu\/wp-json\/wp\/v2\/categories?post=4796"},{"taxonomy":"post_tag","embeddable":true,"href":"https:\/\/www.guitrans.eus\/eu\/wp-json\/wp\/v2\/tags?post=4796"}],"curies":[{"name":"wp","href":"https:\/\/api.w.org\/{rel}","templated":true}]}}