{"id":4830,"date":"2015-11-02T00:00:00","date_gmt":"2015-11-01T23:00:00","guid":{"rendered":"https:\/\/guitrans.eus\/wp\/index.php\/2015\/11\/02\/nuevo-texto-refundido-de-la-ley-general-de-la-seguridad-social\/"},"modified":"2015-11-02T00:00:00","modified_gmt":"2015-11-01T23:00:00","slug":"nuevo-texto-refundido-de-la-ley-general-de-la-seguridad-social","status":"publish","type":"post","link":"https:\/\/www.guitrans.eus\/eu\/2015\/11\/02\/nuevo-texto-refundido-de-la-ley-general-de-la-seguridad-social\/","title":{"rendered":"Nuevo texto refundido de la Ley General de la Seguridad Social"},"content":{"rendered":"<p>El contenido del Real Decreto Legislativo&nbsp; 8\/2015 es, en s\u00edntesis, el siguiente: <\/p>\n<p>  En el&nbsp; art\u00edculo \u00fanico se procede a la aprobaci\u00f3n del texto refundido de la Ley General de la Seguridad Social.<br \/>\n  Se incluye una disposici\u00f3n adicional \u00fanica para aclarar que todas las referencias efectuadas en otras normas a las disposiciones que se integran en el nuevo texto refundido de la Ley General de la Seguridad Social que se aprueba, han de considerarse realizadas a los preceptos correspondientes del texto refundido.<br \/>\n  &nbsp;A trav\u00e9s de la disposici\u00f3n derogatoria \u00fanica se procede a la derogaci\u00f3n de todas las disposiciones de igual o inferior rango opuestas al Real Decreto Legislativo, mencionando de forma expresa las disposiciones que son objeto de derogaci\u00f3n.<br \/>\n  &nbsp;Por \u00faltimo, a trav\u00e9s de la disposici\u00f3n final \u00fanica se establece la fecha de entrada en vigor del Real Decreto legislativo y, con ello, del nuevo texto refundido que se recoge en el anexo del mismo, entrada en vigor que se producir\u00e1 el d\u00eda 2 de enero de 2016, con las siguientes excepciones:<br \/>\n&nbsp;&nbsp;&nbsp;&nbsp;&nbsp;&nbsp;&nbsp; &#8211; De una parte, el complemento por maternidad por aportaci\u00f3n demogr\u00e1fica a la Seguridad Social ?regulado en el art. 60? que se aplica, a partir del&nbsp; 1 de enero&nbsp; de 2016, respecto de las pensiones causadas a partir de dicha fecha cuando concurran las circunstancias y requisitos que en el art\u00edculo se regulan (y que provienen de la disp. final 2\u00aa de la Ley de Presupuestos Generales del Estado para 2016).&nbsp;&nbsp;&nbsp;&nbsp;&nbsp;&nbsp;&nbsp; &#8211; A su vez, el factor de sostenibilidad de las pensiones de jubilaci\u00f3n (regulado en el art. 211), el cual se aplicar\u00e1 \u00fanicamente a las pensiones de la misma modalidad que se causen a partir del&nbsp; 1 de enero de 2019.<\/p>\n","protected":false},"excerpt":{"rendered":"<p>En el BOE del pasado 31 de octubre se public\u00f3 el Real Decreto Legislativo 8\/2015, de 30 de octubre, mediante el que se aprueba el nuevo texto refundido de la Ley General de la Seguridad Social, con lo que, con la entrada en vigor de aquel, que se producir\u00e1 el d\u00eda 2 de enero de 2016, quedar\u00e1 derogado el anterior texto refundido que ha tenido una vigencia de algo m\u00e1s de 20 a\u00f1os.<\/p>\n","protected":false},"author":1,"featured_media":0,"comment_status":"open","ping_status":"open","sticky":false,"template":"","format":"standard","meta":{"footnotes":""},"categories":[26],"tags":[],"class_list":["post-4830","post","type-post","status-publish","format-standard","hentry","category-normativa"],"_links":{"self":[{"href":"https:\/\/www.guitrans.eus\/eu\/wp-json\/wp\/v2\/posts\/4830","targetHints":{"allow":["GET"]}}],"collection":[{"href":"https:\/\/www.guitrans.eus\/eu\/wp-json\/wp\/v2\/posts"}],"about":[{"href":"https:\/\/www.guitrans.eus\/eu\/wp-json\/wp\/v2\/types\/post"}],"author":[{"embeddable":true,"href":"https:\/\/www.guitrans.eus\/eu\/wp-json\/wp\/v2\/users\/1"}],"replies":[{"embeddable":true,"href":"https:\/\/www.guitrans.eus\/eu\/wp-json\/wp\/v2\/comments?post=4830"}],"version-history":[{"count":0,"href":"https:\/\/www.guitrans.eus\/eu\/wp-json\/wp\/v2\/posts\/4830\/revisions"}],"wp:attachment":[{"href":"https:\/\/www.guitrans.eus\/eu\/wp-json\/wp\/v2\/media?parent=4830"}],"wp:term":[{"taxonomy":"category","embeddable":true,"href":"https:\/\/www.guitrans.eus\/eu\/wp-json\/wp\/v2\/categories?post=4830"},{"taxonomy":"post_tag","embeddable":true,"href":"https:\/\/www.guitrans.eus\/eu\/wp-json\/wp\/v2\/tags?post=4830"}],"curies":[{"name":"wp","href":"https:\/\/api.w.org\/{rel}","templated":true}]}}