{"id":4947,"date":"2016-01-25T00:00:00","date_gmt":"2016-01-24T23:00:00","guid":{"rendered":"https:\/\/guitrans.eus\/wp\/index.php\/2016\/01\/25\/madrid-aprueba-el-nuevo-protocolo-para-episodios-de-alta-contaminacion-por-no2\/"},"modified":"2016-01-25T00:00:00","modified_gmt":"2016-01-24T23:00:00","slug":"madrid-aprueba-el-nuevo-protocolo-para-episodios-de-alta-contaminacion-por-no2","status":"publish","type":"post","link":"https:\/\/www.guitrans.eus\/eu\/2016\/01\/25\/madrid-aprueba-el-nuevo-protocolo-para-episodios-de-alta-contaminacion-por-no2\/","title":{"rendered":"Madrid aprueba el nuevo Protocolo para Episodios de Alta Contaminaci\u00f3n por NO2"},"content":{"rendered":"<p>El nuevo Protocolo, que sustituye al aprobado el pasado mes de marzo por<br \/>\n la anterior Corporaci\u00f3n, tiene un car\u00e1cter fundamentalmente preventivo:<br \/>\n se bajar\u00e1n los umbrales y se tomar\u00e1n medidas antes de que se alcance el<br \/>\n l\u00edmite m\u00e1ximo horario permitido de NO2 (18hs al a\u00f1o en cualquier<br \/>\nestaci\u00f3n de la red). Tambi\u00e9n adelanta la informaci\u00f3n: desde el aviso de<br \/>\nactivaci\u00f3n del episodio hasta la adopci\u00f3n de las primeras medidas, la<br \/>\nciudadan\u00eda de Madrid contar\u00e1 con un d\u00eda para&nbsp; coordinar y preparar su<br \/>\nalternativa de movilidad.Principales novedadesEntre las novedades a destacar, se incentiva la alta ocupaci\u00f3n en los<br \/>\nveh\u00edculos (tres o m\u00e1s pasajeros), que junto con los veh\u00edculos menos<br \/>\ncontaminantes: el\u00e9ctricos, h\u00edbridos y de gas, quedar\u00e1n exentos de las<br \/>\nrestricciones de circulaci\u00f3n cuando el protocolo se active. Igualmente,<br \/>\nse incluir\u00e1n medidas excepcionales en caso de reiteraci\u00f3n de<br \/>\nsuperaciones o por razones de seguridad y\/o acontecimientos especiales,<br \/>\npara una mayor protecci\u00f3n de la salud.<br \/>\nLa nueva norma precede al nuevo Plan de Calidad del Aire que el \u00c1rea<br \/>\nde Gobierno de Medio Ambiente y Movilidad desarrollar\u00e1 a lo largo de<br \/>\n2016, con actuaciones encaminadas a reducir las principales fuentes de<br \/>\nemisiones de contaminantes atmosf\u00e9ricos que incluyen medidas<br \/>\nestructurales en movilidad y eficiencia energ\u00e9tica.&nbsp;&nbsp;<br \/>\nUmbrales de contaminaci\u00f3n m\u00e1s bajos para activar: Preaviso, Aviso y AlertaHasta ahora, el protocolo se activaba en nivel de preaviso cuando dos<br \/>\nestaciones (las mismas) de una misma zona (de las cinco en las que est\u00e1<br \/>\ndividido el mapa urbano) superaban los 200 microgramos \/m3 durante dos<br \/>\nhoras consecutivas. El nuevo protocolo se activar\u00e1 cuando las mediciones<br \/>\n sean de 180 microgramos\/m3 en dos estaciones (cualesquiera) de la misma<br \/>\n zona.<br \/>\nEl nivel de aviso, para el que antes se requer\u00eda que dos estaciones<br \/>\n(las mismas) de la misma zona superasen los 250 microgramos\/m3 durante<br \/>\ndos horas seguidas, se rebaja a los 200 microgramos\/m3 para dos<br \/>\nestaciones (cualesquiera) de una misma zona.<br \/>\nEl nivel de alerta se produce cuando tres estaciones cualesquiera de<br \/>\nuna misma zona (dos si se trata de la zona 4, que corresponde al Pardo y<br \/>\n la Casa de Campo) superan los 400 microgramos\/m3 durante tres horas<br \/>\nconsecutivas.&nbsp;Menos d\u00edas de reiteraci\u00f3n para tomar medidasESCENARIO1: La entrada en Escenario 1 se adelantar\u00e1 con el nuevo<br \/>\nprotocolo: bastar\u00e1 con un d\u00eda de superaci\u00f3n del nivel de preaviso (antes<br \/>\n se necesitaban 2 d\u00edas consecutivos de nivel de preaviso o 1 d\u00eda de<br \/>\nnivel de aviso). En este escenario se informar\u00e1 a la poblaci\u00f3n y a los<br \/>\nagentes implicados y se limita a 70 km\/h la velocidad en la M-30 y en<br \/>\nlos accesos a la ciudad, en ambos sentidos, dentro de la M-40.Tambi\u00e9n se tomar\u00e1n medidas de promoci\u00f3n del transporte p\u00fablico.<br \/>\nESCENARIO 2: Bastar\u00e1 con 2 d\u00edas de superaci\u00f3n del nivel de preaviso o<br \/>\n 1 d\u00eda de superaci\u00f3n del nivel de aviso (antes se requer\u00edan 3 d\u00edas<br \/>\nconsecutivos de preaviso, 2 d\u00edas consecutivos de aviso \u00f3 3 d\u00edas<br \/>\nconsecutivos de preaviso m\u00e1s 1 de aviso) para adoptar medidas que<br \/>\nincluyen, adem\u00e1s de las contempladas en el Escenario 1, la activaci\u00f3n<br \/>\ndel Sistema de Alertas en Salud Ambiental y la prohibici\u00f3n de que los<br \/>\nveh\u00edculos de no residentes aparquen en las plazas del SER (Servicio de<br \/>\nEstacionamiento Regulado) en toda la ciudad.<br \/>\nExcepciones a la restricci\u00f3n de aparcamiento en zona SER: No est\u00e1n<br \/>\nafectados por esta medida los residentes en su barrio, los veh\u00edculos de<br \/>\nmudanzas, diplom\u00e1ticos u oficiales, los veh\u00edculos de alquiler (si el<br \/>\nconductor est\u00e1 presente), los destinados a personas con movilidad<br \/>\nreducida, los que dispongan del distintivo &#8220;cero emisiones&#8221; (veh\u00edculos<br \/>\nque no sean de combusti\u00f3n interna: el\u00e9ctricos, de pila de combustible o<br \/>\nde emisiones directas nulas, as\u00ed como veh\u00edculos el\u00e9ctricos enchufables y<br \/>\n veh\u00edculos el\u00e9ctricos de rango extendido) y otros servicios esenciales:<br \/>\nextinci\u00f3n de incendios, salvamento y protecci\u00f3n civil, polic\u00eda, agentes<br \/>\nde movilidad, ambulancias y de asistencia sanitarias p\u00fablica y privada,<br \/>\nlos que prestan servicios b\u00e1sicos de agua, gas y electricidad, etc).&nbsp;Tambi\u00e9n podr\u00e1n aparcar las unidades m\u00f3viles de producci\u00f3n y transmisi\u00f3n<br \/>\naudiovisuales, as\u00ed como los titulares de autorizaci\u00f3n de Comerciales e<br \/>\nIndustriales del SER.&nbsp;ESCENARIO 3: Este se activar\u00e1 con dos d\u00edas consecutivos de nivel de<br \/>\naviso, mientras que en el anterior protocolo exig\u00eda tres. En este caso,<br \/>\nse a\u00f1ade a las medidas anteriores una nueva restricci\u00f3n de tr\u00e1fico: se<br \/>\nreducir\u00e1 la circulaci\u00f3n por las calles de la almendra central (el<br \/>\ninterior de la M-30)&nbsp; en un 50%, prohibi\u00e9ndose el tr\u00e1fico de los coches<br \/>\ncon n\u00famero de matr\u00edcula par, los d\u00edas pares del mes, y los coches con<br \/>\nmatr\u00edcula impar, los d\u00edas impares del mes.<br \/>\nTaxis: Se recomienda la no circulaci\u00f3n de taxis libres, excepto<br \/>\nEcotaxis y Eurotaxis, en el interior de la almendra central (\u00e1rea<br \/>\ninterior de la M-30). Se habilitar\u00e1n las plazas azules del SER como<br \/>\naparcamiento del servicio, adem\u00e1s de en sus paradas habituales, para<br \/>\nfacilitar la espera de viajeros.<br \/>\nExcepciones a la restricci\u00f3n de circulaci\u00f3n por matr\u00edcula par\/impar:<br \/>\nLas motocicletas, triciclos y ciclomotores est\u00e1n exentos de las<br \/>\nrestricciones de circular por Madrid en caso de Escenario 3 por una<br \/>\npropuesta aprobada en el Pleno del pasado 28 de octubre, con el voto<br \/>\nfavorable de los tres grupos municipales de oposici\u00f3n.<br \/>\nESCENARIO 4: Se ampliar\u00e1n las medidas anteriores, al per\u00edmetro de la<br \/>\nM-30. La totalidad del parque m\u00f3vil municipal, a excepci\u00f3n de los<br \/>\nservicios p\u00fablicos, dejar\u00e1 de funcionar en horario laboral, a excepci\u00f3n<br \/>\nde los veh\u00edculos cero emisiones.<br \/>\nTaxis: No podr\u00e1n circular en vac\u00edo, excepto los Ecotaxis, Eurotaxis, y<br \/>\n los que atiendan servicios concertados previamente, siempre que lleven<br \/>\nla luz verde apagada. De la misma forma que en el escenario anterior,<br \/>\npodr\u00e1n estacionar en las plazas azules del SER, adem\u00e1s de en sus paradas<br \/>\n habituales, a la espera de viajeros, por lo que no se dificultar\u00e1 la<br \/>\nutilizaci\u00f3n de este servicio p\u00fablico.<br \/>\nPromoci\u00f3n del transporte p\u00fablicoEn todos los escenarios, el Ayuntamiento pondr\u00e1 en marcha medidas de<br \/>\npromoci\u00f3n del transporte p\u00fablico y solicitar\u00e1 al Consorcio Regional de<br \/>\nTransportes que refuerce la informaci\u00f3n sobre las alternativas al<br \/>\ntransporte privado en la zona metropolitana, y que adopte las medidas<br \/>\nnecesarias para maximizar la capacidad del transporte p\u00fablico en la<br \/>\nComunidad de Madrid.Mantenimiento ante condiciones desfavorablesOtra importante novedad del nuevo Protocolo es que, una vez dentro de un<br \/>\n episodio y cuando a\u00fan sin llegar a alcanzar los niveles m\u00e1ximos<br \/>\npermitidos, la contaminaci\u00f3n siga siendo alta (igual o superior a 160<br \/>\nmicrogramos\/m3), y haya previsiones meteorol\u00f3gicas desfavorables,<br \/>\npermite mantener la medida de restricci\u00f3n de velocidad en M-30 y<br \/>\naccesos, para contribuir a la mayor reducci\u00f3n de la mala calidad del<br \/>\naire.&nbsp;El nuevo Protocolo contiene un anexo en el que se especifican las<br \/>\nexcepciones de cada caso o escenario aplicado, y mejora la definici\u00f3n de<br \/>\n veh\u00edculo industrial o comercial. Tambi\u00e9n incluye la toma de medidas<br \/>\nexcepcionales en caso de reiteraci\u00f3n de superaciones o por razones de<br \/>\nseguridad, acontecimientos especiales, etc\u00e9tera.&nbsp;Texto en evaluaci\u00f3n contin\u00faaTranscurrido un a\u00f1o de su puesta en marcha, se evaluar\u00e1 el Protocolo<br \/>\nsobre la base de la experiencia adquirida y, en colaboraci\u00f3n con el<br \/>\nresto de grupos municipales, expertos y colectivos ciudadanos, se<br \/>\nllevar\u00e1n a cabo las modificaciones que se consideren convenientes<\/p>\n","protected":false},"excerpt":{"rendered":"<p>El nuevo texto, de car\u00e1cter preventivo y que adelanta los plazos de adopci\u00f3n<br \/>\nde medidas en los casos de altos niveles de contaminaci\u00f3n, entrar\u00e1 en vigor el pr\u00f3ximo 1 de febrero.<\/p>\n","protected":false},"author":1,"featured_media":0,"comment_status":"open","ping_status":"open","sticky":false,"template":"","format":"standard","meta":{"footnotes":""},"categories":[117],"tags":[],"class_list":["post-4947","post","type-post","status-publish","format-standard","hentry","category-ingurumen"],"_links":{"self":[{"href":"https:\/\/www.guitrans.eus\/eu\/wp-json\/wp\/v2\/posts\/4947","targetHints":{"allow":["GET"]}}],"collection":[{"href":"https:\/\/www.guitrans.eus\/eu\/wp-json\/wp\/v2\/posts"}],"about":[{"href":"https:\/\/www.guitrans.eus\/eu\/wp-json\/wp\/v2\/types\/post"}],"author":[{"embeddable":true,"href":"https:\/\/www.guitrans.eus\/eu\/wp-json\/wp\/v2\/users\/1"}],"replies":[{"embeddable":true,"href":"https:\/\/www.guitrans.eus\/eu\/wp-json\/wp\/v2\/comments?post=4947"}],"version-history":[{"count":0,"href":"https:\/\/www.guitrans.eus\/eu\/wp-json\/wp\/v2\/posts\/4947\/revisions"}],"wp:attachment":[{"href":"https:\/\/www.guitrans.eus\/eu\/wp-json\/wp\/v2\/media?parent=4947"}],"wp:term":[{"taxonomy":"category","embeddable":true,"href":"https:\/\/www.guitrans.eus\/eu\/wp-json\/wp\/v2\/categories?post=4947"},{"taxonomy":"post_tag","embeddable":true,"href":"https:\/\/www.guitrans.eus\/eu\/wp-json\/wp\/v2\/tags?post=4947"}],"curies":[{"name":"wp","href":"https:\/\/api.w.org\/{rel}","templated":true}]}}