{"id":5044,"date":"2016-03-31T00:00:00","date_gmt":"2016-03-30T22:00:00","guid":{"rendered":"https:\/\/guitrans.eus\/wp\/index.php\/2016\/03\/31\/cav-ampliada-a-2-anos-la-duracion-de-los-permisos-de-transportes-especiales-genericos-sin-itinerario\/"},"modified":"2016-03-31T00:00:00","modified_gmt":"2016-03-30T22:00:00","slug":"cav-ampliada-a-2-anos-la-duracion-de-los-permisos-de-transportes-especiales-genericos-sin-itinerario","status":"publish","type":"post","link":"https:\/\/www.guitrans.eus\/eu\/2016\/03\/31\/cav-ampliada-a-2-anos-la-duracion-de-los-permisos-de-transportes-especiales-genericos-sin-itinerario\/","title":{"rendered":"CAV: Ampliada a 2 a\u00f1os la duraci\u00f3n de los permisos de transportes especiales gen\u00e9ricos sin itinerario"},"content":{"rendered":"<p>Por ese motivo, la Direcci\u00f3n de Tr\u00e1fico del Gobierno Vasco ha ampliado<br \/>\nel plazo de vigencia de las autorizaciones sin itinerario determinado a 2<br \/>\n a\u00f1os, siempre que la tasa abonada en el expediente corresponda a la<br \/>\ncuant\u00eda aprobada con posterioridad al 1 de enero de 2016.<\/p>\n","protected":false},"excerpt":{"rendered":"<p>Con motivo de la modificaci\u00f3n del art\u00edculo 99 de la Ley de Tasas de Euskadi, la tasa por autorizaci\u00f3n de transportes especiales no est\u00e1 vinculada al periodo de vigencia de dicha autorizaci\u00f3n.<\/p>\n","protected":false},"author":1,"featured_media":0,"comment_status":"open","ping_status":"open","sticky":false,"template":"","format":"standard","meta":{"footnotes":""},"categories":[11],"tags":[],"class_list":["post-5044","post","type-post","status-publish","format-standard","hentry","category-especialidades"],"_links":{"self":[{"href":"https:\/\/www.guitrans.eus\/eu\/wp-json\/wp\/v2\/posts\/5044","targetHints":{"allow":["GET"]}}],"collection":[{"href":"https:\/\/www.guitrans.eus\/eu\/wp-json\/wp\/v2\/posts"}],"about":[{"href":"https:\/\/www.guitrans.eus\/eu\/wp-json\/wp\/v2\/types\/post"}],"author":[{"embeddable":true,"href":"https:\/\/www.guitrans.eus\/eu\/wp-json\/wp\/v2\/users\/1"}],"replies":[{"embeddable":true,"href":"https:\/\/www.guitrans.eus\/eu\/wp-json\/wp\/v2\/comments?post=5044"}],"version-history":[{"count":0,"href":"https:\/\/www.guitrans.eus\/eu\/wp-json\/wp\/v2\/posts\/5044\/revisions"}],"wp:attachment":[{"href":"https:\/\/www.guitrans.eus\/eu\/wp-json\/wp\/v2\/media?parent=5044"}],"wp:term":[{"taxonomy":"category","embeddable":true,"href":"https:\/\/www.guitrans.eus\/eu\/wp-json\/wp\/v2\/categories?post=5044"},{"taxonomy":"post_tag","embeddable":true,"href":"https:\/\/www.guitrans.eus\/eu\/wp-json\/wp\/v2\/tags?post=5044"}],"curies":[{"name":"wp","href":"https:\/\/api.w.org\/{rel}","templated":true}]}}