{"id":5132,"date":"2016-06-03T00:00:00","date_gmt":"2016-06-02T22:00:00","guid":{"rendered":"https:\/\/guitrans.eus\/wp\/index.php\/2016\/06\/03\/hobetuz-pasara-a-integrarse-dentro-de-lanbide\/"},"modified":"2016-06-03T00:00:00","modified_gmt":"2016-06-02T22:00:00","slug":"hobetuz-pasara-a-integrarse-dentro-de-lanbide","status":"publish","type":"post","link":"https:\/\/www.guitrans.eus\/eu\/2016\/06\/03\/hobetuz-pasara-a-integrarse-dentro-de-lanbide\/","title":{"rendered":"Hobetuz pasar\u00e1 a integrarse dentro de Lanbide"},"content":{"rendered":"<p>El Decreto ordena el \u00e1mbito de aplicaci\u00f3n, las personas<br \/>\ndestinatarias, las acciones formativas y su financiaci\u00f3n, el sistema de<br \/>\ngobernanza y determina el organismo titular de su gesti\u00f3n.<br \/>\nTambi\u00e9n se ordenan, la gesti\u00f3n del Cat\u00e1logo Vasco de Especialidades,<br \/>\nlas entidades impartidoras de formaci\u00f3n, p\u00fablicas y privadas, y las<br \/>\nempresas que desarrollen acciones formativas para sus propias personas<br \/>\ntrabajadoras.<br \/>\nAs\u00ed mismo, se prev\u00e9 la creaci\u00f3n de un Registro Vasco de Entidades de<br \/>\nformaci\u00f3n profesional para el empleo y de un Registro Vasco de la<br \/>\nCompetencia, que albergar\u00e1 el curr\u00edculum formativo de todas las personas<br \/>\n de la Comunidad Aut\u00f3noma de Euskadi, recogiendo as\u00ed el principio<br \/>\nvigente en el sistema formativo vasco de la formaci\u00f3n a lo largo de la<br \/>\nvida. Por \u00faltimo, se prev\u00e9 la creaci\u00f3n de la Red Vasca de Entidades de<br \/>\nFormaci\u00f3n, que estar\u00e1 integrada por el conjunto de entidades que<br \/>\ndesarrollan planes o actuaciones de formaci\u00f3n para el empleo.<br \/>\nEsta Red de formaci\u00f3n profesional para el empleo ofrecer\u00e1 una formaci\u00f3n estable y continuada en el tiempo de car\u00e1cter gratuito.<\/p>\n","protected":false},"excerpt":{"rendered":"<p>El Gobierno Vasco aprob\u00f3 el pasado martes el decreto que regula la formaci\u00f3n para el empleo en la CAV, hasta ahora impartida por la fundaci\u00f3n tripartita Hobetuz. El decreto aprobado traslada a Lanbide la gesti\u00f3n de cursos para personas ocupadas y supondr\u00e1 que Hobetuz se integre dentro del Servicio Vasco de Empleo.<\/p>\n","protected":false},"author":1,"featured_media":0,"comment_status":"open","ping_status":"open","sticky":false,"template":"","format":"standard","meta":{"footnotes":""},"categories":[26],"tags":[],"class_list":["post-5132","post","type-post","status-publish","format-standard","hentry","category-normativa"],"_links":{"self":[{"href":"https:\/\/www.guitrans.eus\/eu\/wp-json\/wp\/v2\/posts\/5132","targetHints":{"allow":["GET"]}}],"collection":[{"href":"https:\/\/www.guitrans.eus\/eu\/wp-json\/wp\/v2\/posts"}],"about":[{"href":"https:\/\/www.guitrans.eus\/eu\/wp-json\/wp\/v2\/types\/post"}],"author":[{"embeddable":true,"href":"https:\/\/www.guitrans.eus\/eu\/wp-json\/wp\/v2\/users\/1"}],"replies":[{"embeddable":true,"href":"https:\/\/www.guitrans.eus\/eu\/wp-json\/wp\/v2\/comments?post=5132"}],"version-history":[{"count":0,"href":"https:\/\/www.guitrans.eus\/eu\/wp-json\/wp\/v2\/posts\/5132\/revisions"}],"wp:attachment":[{"href":"https:\/\/www.guitrans.eus\/eu\/wp-json\/wp\/v2\/media?parent=5132"}],"wp:term":[{"taxonomy":"category","embeddable":true,"href":"https:\/\/www.guitrans.eus\/eu\/wp-json\/wp\/v2\/categories?post=5132"},{"taxonomy":"post_tag","embeddable":true,"href":"https:\/\/www.guitrans.eus\/eu\/wp-json\/wp\/v2\/tags?post=5132"}],"curies":[{"name":"wp","href":"https:\/\/api.w.org\/{rel}","templated":true}]}}