{"id":5152,"date":"2016-06-10T00:00:00","date_gmt":"2016-06-09T22:00:00","guid":{"rendered":"https:\/\/guitrans.eus\/wp\/index.php\/2016\/06\/10\/biriatou-suma-168-dias-de-atascos-en-los-ultimos-siete-meses\/"},"modified":"2016-06-10T00:00:00","modified_gmt":"2016-06-09T22:00:00","slug":"biriatou-suma-168-dias-de-atascos-en-los-ultimos-siete-meses","status":"publish","type":"post","link":"https:\/\/www.guitrans.eus\/eu\/2016\/06\/10\/biriatou-suma-168-dias-de-atascos-en-los-ultimos-siete-meses\/","title":{"rendered":"Biriatou suma 168 d\u00edas de atascos en los \u00faltimos siete meses"},"content":{"rendered":"<p>GUITRANS asegura que las p\u00e9rdidas econ\u00f3micas van a ser inasumibles. En el siguiente enlace puede acceder al art\u00edculo publicado en EL DIARIO VASCO de hoy.<\/p>\n","protected":false},"excerpt":{"rendered":"<p>GUITRANS asegura que las p\u00e9rdidas econ\u00f3micas van a ser inasumibles.<a href=\"https:\/\/www.guitrans.eus\/eu\/2016\/06\/10\/biriatou-suma-168-dias-de-atascos-en-los-ultimos-siete-meses\/\" rel=\"nofollow\">Seguir leyendo&#8230;<\/a><\/p>\n","protected":false},"author":1,"featured_media":0,"comment_status":"open","ping_status":"open","sticky":false,"template":"","format":"standard","meta":{"footnotes":""},"categories":[29],"tags":[],"class_list":["post-5152","post","type-post","status-publish","format-standard","hentry","category-prensa"],"_links":{"self":[{"href":"https:\/\/www.guitrans.eus\/eu\/wp-json\/wp\/v2\/posts\/5152","targetHints":{"allow":["GET"]}}],"collection":[{"href":"https:\/\/www.guitrans.eus\/eu\/wp-json\/wp\/v2\/posts"}],"about":[{"href":"https:\/\/www.guitrans.eus\/eu\/wp-json\/wp\/v2\/types\/post"}],"author":[{"embeddable":true,"href":"https:\/\/www.guitrans.eus\/eu\/wp-json\/wp\/v2\/users\/1"}],"replies":[{"embeddable":true,"href":"https:\/\/www.guitrans.eus\/eu\/wp-json\/wp\/v2\/comments?post=5152"}],"version-history":[{"count":0,"href":"https:\/\/www.guitrans.eus\/eu\/wp-json\/wp\/v2\/posts\/5152\/revisions"}],"wp:attachment":[{"href":"https:\/\/www.guitrans.eus\/eu\/wp-json\/wp\/v2\/media?parent=5152"}],"wp:term":[{"taxonomy":"category","embeddable":true,"href":"https:\/\/www.guitrans.eus\/eu\/wp-json\/wp\/v2\/categories?post=5152"},{"taxonomy":"post_tag","embeddable":true,"href":"https:\/\/www.guitrans.eus\/eu\/wp-json\/wp\/v2\/tags?post=5152"}],"curies":[{"name":"wp","href":"https:\/\/api.w.org\/{rel}","templated":true}]}}