{"id":5236,"date":"2016-09-01T00:00:00","date_gmt":"2016-08-31T22:00:00","guid":{"rendered":"https:\/\/guitrans.eus\/wp\/index.php\/2016\/09\/01\/la-reapertura-de-la-autopista-del-mar-gijon-nantes-cada-vez-mas-cerca\/"},"modified":"2016-09-01T00:00:00","modified_gmt":"2016-08-31T22:00:00","slug":"la-reapertura-de-la-autopista-del-mar-gijon-nantes-cada-vez-mas-cerca","status":"publish","type":"post","link":"https:\/\/www.guitrans.eus\/eu\/2016\/09\/01\/la-reapertura-de-la-autopista-del-mar-gijon-nantes-cada-vez-mas-cerca\/","title":{"rendered":"La reapertura de la autopista del mar Gij\u00f3n-Nantes, cada vez m\u00e1s cerca"},"content":{"rendered":"<p>La autopista del mar lleva paralizada desde septiembre de 2014, cuando<br \/>\nla compa\u00f1\u00eda naviera LD Lines, anterior encargada del servicio mar\u00edtimo,<br \/>\ndecidi\u00f3 suspender los viajes alegando falta de rentabilidad, pese a que<br \/>\ncontaban con un \u00edndice alto de ocupaci\u00f3n y era muy utilizado por<br \/>\ncamioneros y transportistas.<\/p>\n","protected":false},"excerpt":{"rendered":"<p>El empresario gijon\u00e9s Rafael Riva Meana firm\u00f3 recientemente, junto a representantes de los puertos de Gij\u00f3n y Nantes y de Terminales Portuarias Franco-Espa\u00f1olas (Terpor), el acuerdo con representantes de la Comisi\u00f3n Europea en base al que la UE otorgar\u00e1 1,08 millones de euros al proyecto para relanzar la autopista del mar entre los puertos de Gij\u00f3n y Nantes-Saint Nazaire antes de que finalice 2017.<\/p>\n","protected":false},"author":1,"featured_media":0,"comment_status":"open","ping_status":"open","sticky":false,"template":"","format":"standard","meta":{"footnotes":""},"categories":[21],"tags":[],"class_list":["post-5236","post","type-post","status-publish","format-standard","hentry","category-intermodalidad"],"_links":{"self":[{"href":"https:\/\/www.guitrans.eus\/eu\/wp-json\/wp\/v2\/posts\/5236","targetHints":{"allow":["GET"]}}],"collection":[{"href":"https:\/\/www.guitrans.eus\/eu\/wp-json\/wp\/v2\/posts"}],"about":[{"href":"https:\/\/www.guitrans.eus\/eu\/wp-json\/wp\/v2\/types\/post"}],"author":[{"embeddable":true,"href":"https:\/\/www.guitrans.eus\/eu\/wp-json\/wp\/v2\/users\/1"}],"replies":[{"embeddable":true,"href":"https:\/\/www.guitrans.eus\/eu\/wp-json\/wp\/v2\/comments?post=5236"}],"version-history":[{"count":0,"href":"https:\/\/www.guitrans.eus\/eu\/wp-json\/wp\/v2\/posts\/5236\/revisions"}],"wp:attachment":[{"href":"https:\/\/www.guitrans.eus\/eu\/wp-json\/wp\/v2\/media?parent=5236"}],"wp:term":[{"taxonomy":"category","embeddable":true,"href":"https:\/\/www.guitrans.eus\/eu\/wp-json\/wp\/v2\/categories?post=5236"},{"taxonomy":"post_tag","embeddable":true,"href":"https:\/\/www.guitrans.eus\/eu\/wp-json\/wp\/v2\/tags?post=5236"}],"curies":[{"name":"wp","href":"https:\/\/api.w.org\/{rel}","templated":true}]}}