{"id":5266,"date":"2016-09-26T00:00:00","date_gmt":"2016-09-25T22:00:00","guid":{"rendered":"https:\/\/guitrans.eus\/wp\/index.php\/2016\/09\/26\/madrid-en-servicio-nueve-puntos-de-control-de-semaforo-en-rojo\/"},"modified":"2016-09-26T00:00:00","modified_gmt":"2016-09-25T22:00:00","slug":"madrid-en-servicio-nueve-puntos-de-control-de-semaforo-en-rojo","status":"publish","type":"post","link":"https:\/\/www.guitrans.eus\/eu\/2016\/09\/26\/madrid-en-servicio-nueve-puntos-de-control-de-semaforo-en-rojo\/","title":{"rendered":"Madrid: En servicio nueve puntos de control de sem\u00e1foro en rojo"},"content":{"rendered":"<p>A las 00:00 horas del lunes 26 de septiembre comenzar\u00e1n a sancionar<br \/>\nnueve sistemas de control de sem\u00e1foro rojo. Estos nuevos puntos son los<br \/>\n\u00faltimos de un total de 15 que estaba previsto entraran en servicio a lo<br \/>\nlargo de 2016 y que han estado funcionando en pruebas durante dos meses.El llamado sistema de foto-rojo consiste en la instalaci\u00f3n de c\u00e1maras<br \/>\n en determinados sem\u00e1foros, con la finalidad de comprobar el<br \/>\ncumplimiento de la normativa de detenci\u00f3n de los veh\u00edculos, en los pasos<br \/>\n de peatones que dispongan de sem\u00e1foro.<br \/>\nLas c\u00e1maras se instalan en un soporte a 25 metros de la l\u00ednea de<br \/>\ndetenci\u00f3n, para permitir encuadrar completamente el paso de peatones y<br \/>\nal mismo tiempo, el sem\u00e1foro de conductores.BICACI\u00d3N \/ DESCRIPCI\u00d3N:  <\/p>\n<p>        UBICACI\u00d3N  <\/p>\n<p>        DESCRIPCI\u00d3N  <\/p>\n<p>        JOAQUIN COSTA-VELAZQUEZ  <\/p>\n<p>        Avenidas de varios carriles, alguna de ellas con pendiente descendente y con Centro Hospitalario San Francisco de As\u00eds pr\u00f3ximo).  <\/p>\n<p>        MONFORTE DE LEMOS-FINISTERRE  <\/p>\n<p>        Avenida de varios carriles, con pendiente y centros de salud, institutos y colegios p\u00fablicos cercanos.  <\/p>\n<p>        CARRETERA CARABANCHEL A ARAVACA- VILLAVICIOSA  <\/p>\n<p>        V\u00eda de varios carriles, que constituye el paso de<br \/>\nzona interurbana a zona urbana con limitaci\u00f3n menor de velocidad, zona<br \/>\nde tr\u00e1fico intenso, afluencia de peatones al Metro.  <\/p>\n<p>        AVENIDA DE LA PESETA BARRIO DE LA FORTUNA  <\/p>\n<p>        Avenidas con varios carriles con centros comerciales, de ocio y de negocio cercanos.  <\/p>\n<p>        ALBERTO AGUILERA BALTASAR GRACI\u00c1N  <\/p>\n<p>        Calle Alberto Aguilera con varios carriles y<br \/>\nconfluencia con calle Galileo en pendiente. Centro de ense\u00f1anaza<br \/>\nuniversitaria cercana, as\u00ed como m\u00faltiples comercios.  <\/p>\n<p>        V\u00cdA LUSITANA-PLAZA FERNANDEZ LADREDA  <\/p>\n<p>        Conexi\u00f3n de v\u00edas de varios carriles que favorecen<br \/>\nla velocidad con mucha confluencia de tr\u00e1fico. Intercambiador de<br \/>\ntransportes cercano.  <\/p>\n<p>        AVENIDA AM\u00c9RICA-CARTAGENA  <\/p>\n<p>        Avenida con varios carriles, conexi\u00f3n con la A-2, tr\u00e1fico intenso.  <\/p>\n<p>        CAMINO DEL BARRIAL FERNANDO LAZARO CARRETER  <\/p>\n<p>        Avenidas con varios carriles y pendientes que favorecen el aumento de velocidad.  <\/p>\n<p>        GENERAL RICARDOS-PASEO QUINCE DE MAYO  <\/p>\n<p>        Avenida con varios carriles, acceso a M30, tr\u00e1fico intenso <\/p>\n<p>La sanci\u00f3n por rebasar un sem\u00e1foro en rojo, ya sea controlado por un<br \/>\nsistema autom\u00e1tico o la imponga un agente, es de 200 euros y la<br \/>\nconsecuente p\u00e9rdida de 4 puntos del permiso de conducir. Las sanciones<br \/>\nvan acompa\u00f1adas como prueba por dos fotograf\u00edas antes y despu\u00e9s de la<br \/>\nl\u00ednea de detenci\u00f3n en las que se debe distinguir la matr\u00edcula y el<br \/>\nsem\u00e1foro en fase roja (nunca se remiten sanciones con una de las<br \/>\nfotograf\u00edas en fase \u00e1mbar).<br \/>\nLos conductores pueden consultar las ubicaciones exactas de todos los sistemas de control de sem\u00e1foro rojo en http:\/\/informo.munimadrid.es&nbsp;y&nbsp;en el portal de datos abiertos del Ayuntamiento de Madrid http:\/\/datos.madrid.es.<\/p>\n","protected":false},"excerpt":{"rendered":"<p>A las 00:00 horas del lunes 26 de septiembre comenzar\u00e1n<a href=\"https:\/\/www.guitrans.eus\/eu\/2016\/09\/26\/madrid-en-servicio-nueve-puntos-de-control-de-semaforo-en-rojo\/\" rel=\"nofollow\">Seguir leyendo&#8230;<\/a><\/p>\n","protected":false},"author":1,"featured_media":0,"comment_status":"open","ping_status":"open","sticky":false,"template":"","format":"standard","meta":{"footnotes":""},"categories":[36],"tags":[],"class_list":["post-5266","post","type-post","status-publish","format-standard","hentry","category-trafico-seguridad-vial"],"_links":{"self":[{"href":"https:\/\/www.guitrans.eus\/eu\/wp-json\/wp\/v2\/posts\/5266","targetHints":{"allow":["GET"]}}],"collection":[{"href":"https:\/\/www.guitrans.eus\/eu\/wp-json\/wp\/v2\/posts"}],"about":[{"href":"https:\/\/www.guitrans.eus\/eu\/wp-json\/wp\/v2\/types\/post"}],"author":[{"embeddable":true,"href":"https:\/\/www.guitrans.eus\/eu\/wp-json\/wp\/v2\/users\/1"}],"replies":[{"embeddable":true,"href":"https:\/\/www.guitrans.eus\/eu\/wp-json\/wp\/v2\/comments?post=5266"}],"version-history":[{"count":0,"href":"https:\/\/www.guitrans.eus\/eu\/wp-json\/wp\/v2\/posts\/5266\/revisions"}],"wp:attachment":[{"href":"https:\/\/www.guitrans.eus\/eu\/wp-json\/wp\/v2\/media?parent=5266"}],"wp:term":[{"taxonomy":"category","embeddable":true,"href":"https:\/\/www.guitrans.eus\/eu\/wp-json\/wp\/v2\/categories?post=5266"},{"taxonomy":"post_tag","embeddable":true,"href":"https:\/\/www.guitrans.eus\/eu\/wp-json\/wp\/v2\/tags?post=5266"}],"curies":[{"name":"wp","href":"https:\/\/api.w.org\/{rel}","templated":true}]}}