{"id":5272,"date":"2016-09-28T00:00:00","date_gmt":"2016-09-27T22:00:00","guid":{"rendered":"https:\/\/guitrans.eus\/wp\/index.php\/2016\/09\/28\/entra-en-vigor-la-nueva-ley-de-procedimiento-administrativo\/"},"modified":"2016-09-28T00:00:00","modified_gmt":"2016-09-27T22:00:00","slug":"entra-en-vigor-la-nueva-ley-de-procedimiento-administrativo","status":"publish","type":"post","link":"https:\/\/www.guitrans.eus\/eu\/2016\/09\/28\/entra-en-vigor-la-nueva-ley-de-procedimiento-administrativo\/","title":{"rendered":"Entra en vigor la nueva Ley de Procedimiento Administrativo"},"content":{"rendered":"<p>Tal y como nos informa ASTIC, el pr\u00f3ximo d\u00eda 2 de octubre entrar\u00e1 en vigor la Ley 39\/2015 del Procedimiento Administrativo Com\u00fan de las Administraciones P\u00fablicas por haber transcurrido un a\u00f1o desde la fecha de su publicaci\u00f3n en el BOE.<br \/>\nLa nueva Ley sustituye y deroga a la Ley 30\/1992 de R\u00e9gimen Jur\u00eddico de las Administraciones P\u00fablicas y del Procedimiento Administrativo Com\u00fan.La mayor\u00eda de las novedades se refieren a la facilitaci\u00f3n de la tramitaci\u00f3n electr\u00f3nica.<br \/>\nUna de las novedades m\u00e1s relevantes es la de que los s\u00e1bados dejan de ser d\u00edas h\u00e1biles a efecto de los plazos. A partir de ese momento los plazos en d\u00edas h\u00e1biles en los procedimientos administrativos deber\u00e1n contarse sin tener en cuenta ni los s\u00e1bados ni los domingos ni los festivos, lo que har\u00e1, en muchos casos, que el d\u00eda de vencimiento se retrase algunas fechas.<br \/>\nLa nueva ley se aplicar\u00e1 a todos los procedimientos iniciados a partir de la fecha de entrada en vigor, por tanto, a partir del d\u00eda 2 de octubre.Los plazos de los procedimientos iniciados con anterioridad se ajustar\u00e1n al procedimiento anterior, es decir: descontando de los d\u00edas h\u00e1biles los domingos y festivos, pero no los s\u00e1bados.<\/p>\n","protected":false},"excerpt":{"rendered":"<p>El pr\u00f3ximo 2 de octubre. Los s\u00e1bados dejan de ser h\u00e1biles a efectos de plazos.<\/p>\n","protected":false},"author":1,"featured_media":0,"comment_status":"open","ping_status":"open","sticky":false,"template":"","format":"standard","meta":{"footnotes":""},"categories":[26],"tags":[],"class_list":["post-5272","post","type-post","status-publish","format-standard","hentry","category-normativa"],"_links":{"self":[{"href":"https:\/\/www.guitrans.eus\/eu\/wp-json\/wp\/v2\/posts\/5272","targetHints":{"allow":["GET"]}}],"collection":[{"href":"https:\/\/www.guitrans.eus\/eu\/wp-json\/wp\/v2\/posts"}],"about":[{"href":"https:\/\/www.guitrans.eus\/eu\/wp-json\/wp\/v2\/types\/post"}],"author":[{"embeddable":true,"href":"https:\/\/www.guitrans.eus\/eu\/wp-json\/wp\/v2\/users\/1"}],"replies":[{"embeddable":true,"href":"https:\/\/www.guitrans.eus\/eu\/wp-json\/wp\/v2\/comments?post=5272"}],"version-history":[{"count":0,"href":"https:\/\/www.guitrans.eus\/eu\/wp-json\/wp\/v2\/posts\/5272\/revisions"}],"wp:attachment":[{"href":"https:\/\/www.guitrans.eus\/eu\/wp-json\/wp\/v2\/media?parent=5272"}],"wp:term":[{"taxonomy":"category","embeddable":true,"href":"https:\/\/www.guitrans.eus\/eu\/wp-json\/wp\/v2\/categories?post=5272"},{"taxonomy":"post_tag","embeddable":true,"href":"https:\/\/www.guitrans.eus\/eu\/wp-json\/wp\/v2\/tags?post=5272"}],"curies":[{"name":"wp","href":"https:\/\/api.w.org\/{rel}","templated":true}]}}