{"id":5314,"date":"2016-11-02T00:00:00","date_gmt":"2016-11-01T23:00:00","guid":{"rendered":"https:\/\/guitrans.eus\/wp\/index.php\/2016\/11\/02\/navarra-el-gobierno-acuerda-eliminar-el-tramo-autonomico-del-impuesto-sobre-hidrocarburos-a-partir-del-1-de-enero-de-2017\/"},"modified":"2016-11-02T00:00:00","modified_gmt":"2016-11-01T23:00:00","slug":"navarra-el-gobierno-acuerda-eliminar-el-tramo-autonomico-del-impuesto-sobre-hidrocarburos-a-partir-del-1-de-enero-de-2017","status":"publish","type":"post","link":"https:\/\/www.guitrans.eus\/eu\/2016\/11\/02\/navarra-el-gobierno-acuerda-eliminar-el-tramo-autonomico-del-impuesto-sobre-hidrocarburos-a-partir-del-1-de-enero-de-2017\/","title":{"rendered":"Navarra: El Gobierno acuerda eliminar el tramo auton\u00f3mico del impuesto sobre hidrocarburos a partir del 1 de enero de 2017"},"content":{"rendered":"<p>Entre las novedades figura la supresi\u00f3n del impuesto que, en la<br \/>\nactualidad grava los hidrocarburos, establecido en 2,4 c\u00e9ntimos de euro<br \/>\npor litro de gasolina, gas\u00f3leo o queroseno y en 0,6 c\u00e9ntimos de euro por<br \/>\n litro de gas\u00f3leo agr\u00edcola especial y de calefacci\u00f3n y un euro por<br \/>\ntonelada de fuel\u00f3leo. Los profesionales del transporte tienen derecho a<br \/>\nla devoluci\u00f3n de este tramo.El proyecto de ley Foral modifica, entre otras normas, las relativas a los impuestos del IRPF, Patrimonio, Sucesiones y Donaciones; Transmisiones Patrimoniales y Actos Jur\u00eddicos Documentados, IVA, R\u00e9gimen tributario de las Fundaciones y de las actividades de patrocinio, Tasas y Precios P\u00fablicos y Tarifas del Impuesto de Actividades Econ\u00f3micas. Las variaciones pretenden adecuar la legislaci\u00f3n tributaria de la Comunidad Foral a las cambiantes realidades jur\u00eddicas y econ\u00f3micas que inciden sobre los tributos, con el prop\u00f3sito de mejorar la recaudaci\u00f3n y solucionar determinados problemas interpretativos que aparecen en cada momento.<\/p>\n","protected":false},"excerpt":{"rendered":"<p>\u00c9sta es una de las medidas incluidas en el proyecto de Ley Foral de modificaci\u00f3n de diversos impuestos y otras medidas tributarias que ha aprobado el Ejecutivo foral en la sesi\u00f3n celebrada este pasado mi\u00e9rcoles.<\/p>\n","protected":false},"author":1,"featured_media":0,"comment_status":"open","ping_status":"open","sticky":false,"template":"","format":"standard","meta":{"footnotes":""},"categories":[14],"tags":[],"class_list":["post-5314","post","type-post","status-publish","format-standard","hentry","category-fiscalidad"],"_links":{"self":[{"href":"https:\/\/www.guitrans.eus\/eu\/wp-json\/wp\/v2\/posts\/5314","targetHints":{"allow":["GET"]}}],"collection":[{"href":"https:\/\/www.guitrans.eus\/eu\/wp-json\/wp\/v2\/posts"}],"about":[{"href":"https:\/\/www.guitrans.eus\/eu\/wp-json\/wp\/v2\/types\/post"}],"author":[{"embeddable":true,"href":"https:\/\/www.guitrans.eus\/eu\/wp-json\/wp\/v2\/users\/1"}],"replies":[{"embeddable":true,"href":"https:\/\/www.guitrans.eus\/eu\/wp-json\/wp\/v2\/comments?post=5314"}],"version-history":[{"count":0,"href":"https:\/\/www.guitrans.eus\/eu\/wp-json\/wp\/v2\/posts\/5314\/revisions"}],"wp:attachment":[{"href":"https:\/\/www.guitrans.eus\/eu\/wp-json\/wp\/v2\/media?parent=5314"}],"wp:term":[{"taxonomy":"category","embeddable":true,"href":"https:\/\/www.guitrans.eus\/eu\/wp-json\/wp\/v2\/categories?post=5314"},{"taxonomy":"post_tag","embeddable":true,"href":"https:\/\/www.guitrans.eus\/eu\/wp-json\/wp\/v2\/tags?post=5314"}],"curies":[{"name":"wp","href":"https:\/\/api.w.org\/{rel}","templated":true}]}}