{"id":5370,"date":"2016-12-13T00:00:00","date_gmt":"2016-12-12T23:00:00","guid":{"rendered":"https:\/\/guitrans.eus\/wp\/index.php\/2016\/12\/13\/el-estado-rescatara-a-las-autopistas-en-quiebra\/"},"modified":"2016-12-13T00:00:00","modified_gmt":"2016-12-12T23:00:00","slug":"el-estado-rescatara-a-las-autopistas-en-quiebra","status":"publish","type":"post","link":"https:\/\/www.guitrans.eus\/eu\/2016\/12\/13\/el-estado-rescatara-a-las-autopistas-en-quiebra\/","title":{"rendered":"El Estado rescatar\u00e1 a las autopistas en quiebra"},"content":{"rendered":"<p>El Estado se quedar\u00e1 finalmente con ocho autopistas en quiebra y riesgo<br \/>\nde liquidaci\u00f3n, se alcance o no acuerdo con los bancos acreedores de las<br \/>\n v\u00edas. &#8220;Las autopistas revertir\u00e1n al Estado y el Estado decidir\u00e1 c\u00f3mo<br \/>\ngestionarlas&#8221;, indic\u00f3 el ministro, quien garantiz\u00f3 que el principal<br \/>\nobjetivo es que las infraestructuras &#8220;sigan operativas y los ciudadanos<br \/>\npuedan seguir utiliz\u00e1ndolas&#8221;.Veremos qu\u00e9 implicaciones tendr\u00e1 esa<br \/>\ngesti\u00f3n para el sector del transporte de mercanc\u00edas por carretera.<\/p>\n","protected":false},"excerpt":{"rendered":"<p>El Ministro de Fomento, I\u00f1igo De la Serna as\u00ed lo ha confirmado.<\/p>\n","protected":false},"author":1,"featured_media":0,"comment_status":"open","ping_status":"open","sticky":false,"template":"","format":"standard","meta":{"footnotes":""},"categories":[100],"tags":[],"class_list":["post-5370","post","type-post","status-publish","format-standard","hentry","category-azpiegiturak"],"_links":{"self":[{"href":"https:\/\/www.guitrans.eus\/eu\/wp-json\/wp\/v2\/posts\/5370","targetHints":{"allow":["GET"]}}],"collection":[{"href":"https:\/\/www.guitrans.eus\/eu\/wp-json\/wp\/v2\/posts"}],"about":[{"href":"https:\/\/www.guitrans.eus\/eu\/wp-json\/wp\/v2\/types\/post"}],"author":[{"embeddable":true,"href":"https:\/\/www.guitrans.eus\/eu\/wp-json\/wp\/v2\/users\/1"}],"replies":[{"embeddable":true,"href":"https:\/\/www.guitrans.eus\/eu\/wp-json\/wp\/v2\/comments?post=5370"}],"version-history":[{"count":0,"href":"https:\/\/www.guitrans.eus\/eu\/wp-json\/wp\/v2\/posts\/5370\/revisions"}],"wp:attachment":[{"href":"https:\/\/www.guitrans.eus\/eu\/wp-json\/wp\/v2\/media?parent=5370"}],"wp:term":[{"taxonomy":"category","embeddable":true,"href":"https:\/\/www.guitrans.eus\/eu\/wp-json\/wp\/v2\/categories?post=5370"},{"taxonomy":"post_tag","embeddable":true,"href":"https:\/\/www.guitrans.eus\/eu\/wp-json\/wp\/v2\/tags?post=5370"}],"curies":[{"name":"wp","href":"https:\/\/api.w.org\/{rel}","templated":true}]}}