{"id":5405,"date":"2017-01-12T00:00:00","date_gmt":"2017-01-11T23:00:00","guid":{"rendered":"https:\/\/guitrans.eus\/wp\/index.php\/2017\/01\/12\/la-cotizacion-a-tiempo-parcial-para-autonomos-en-suspenso-de-nuevo\/"},"modified":"2017-01-12T00:00:00","modified_gmt":"2017-01-11T23:00:00","slug":"la-cotizacion-a-tiempo-parcial-para-autonomos-en-suspenso-de-nuevo","status":"publish","type":"post","link":"https:\/\/www.guitrans.eus\/eu\/2017\/01\/12\/la-cotizacion-a-tiempo-parcial-para-autonomos-en-suspenso-de-nuevo\/","title":{"rendered":"La cotizaci\u00f3n a tiempo parcial para aut\u00f3nomos, en suspenso de nuevo"},"content":{"rendered":"<p>Seg\u00fan la informaci\u00f3n publicada por la Federaci\u00f3n de Aut\u00f3nomos ATA en su p\u00e1gina web, &#8220;Seguridad Social ya nos ha comunicado que iniciar\u00e1 conversaciones con los<br \/>\n representantes de los aut\u00f3nomos para estudiar f\u00f3rmulas de cotizaci\u00f3n a<br \/>\ntiempo parcial para los aut\u00f3nomos pero que tendr\u00e1n que ir paralelas a<br \/>\nlos trabajos de la subcomisi\u00f3n creada en el Congreso de los Diputados y<br \/>\nque tiene, entre otros objetivos, este an\u00e1lisis de la cotizaci\u00f3n a<br \/>\ntiempo parcial para los aut\u00f3nomos&#8221;.La Ley de Presupuestos Generales del Estado para 2016 aplazaba la entrada en vigor de la posibilidad de ejercer a tiempo parcial la actividad aut\u00f3noma hasta 1 de enero de 2017. Sin embargo, a pesar de que las modificaciones realizadas en su momento en la Ley 20\/2007, de 11 de julio, del Estatuto del trabajo aut\u00f3nomo, para el efectivo desarrollo de esta posibilidad ser\u00e1 necesaria la implantaci\u00f3n de las siguientes reglas espec\u00edficas que est\u00e1n a\u00fan por desarrollar: <\/p>\n<p>  establecimiento de condiciones reglamentaria para la inclusi\u00f3n en el RETA de los trabajadores por cuenta propia que ejerzan su actividad a tiempo parcial;<br \/>\n  establecimiento de un sistema de cotizaci\u00f3n a tiempo parcial para los trabajadores aut\u00f3nomos, por actividades o colectivos o durante determinados periodos de su vida laboral;<br \/>\n  establecimiento de determinadas reducciones y bonificaciones a la Seguridad Social a quienes ejerzan su actividad a tiempo parcial, en an\u00e1logas condiciones a las de un trabajador por cuenta ajena contratado a tiempo parcial.<\/p>\n","protected":false},"excerpt":{"rendered":"<p>Sin embargo, el Ministerio de Empleo y Seguridad Social se muestra dispuesto trabajar en su desarrollo normativo para que<br \/>\npueda entrar en vigor en un futuro pr\u00f3ximo.<\/p>\n","protected":false},"author":1,"featured_media":0,"comment_status":"open","ping_status":"open","sticky":false,"template":"","format":"standard","meta":{"footnotes":""},"categories":[26],"tags":[],"class_list":["post-5405","post","type-post","status-publish","format-standard","hentry","category-normativa"],"_links":{"self":[{"href":"https:\/\/www.guitrans.eus\/eu\/wp-json\/wp\/v2\/posts\/5405","targetHints":{"allow":["GET"]}}],"collection":[{"href":"https:\/\/www.guitrans.eus\/eu\/wp-json\/wp\/v2\/posts"}],"about":[{"href":"https:\/\/www.guitrans.eus\/eu\/wp-json\/wp\/v2\/types\/post"}],"author":[{"embeddable":true,"href":"https:\/\/www.guitrans.eus\/eu\/wp-json\/wp\/v2\/users\/1"}],"replies":[{"embeddable":true,"href":"https:\/\/www.guitrans.eus\/eu\/wp-json\/wp\/v2\/comments?post=5405"}],"version-history":[{"count":0,"href":"https:\/\/www.guitrans.eus\/eu\/wp-json\/wp\/v2\/posts\/5405\/revisions"}],"wp:attachment":[{"href":"https:\/\/www.guitrans.eus\/eu\/wp-json\/wp\/v2\/media?parent=5405"}],"wp:term":[{"taxonomy":"category","embeddable":true,"href":"https:\/\/www.guitrans.eus\/eu\/wp-json\/wp\/v2\/categories?post=5405"},{"taxonomy":"post_tag","embeddable":true,"href":"https:\/\/www.guitrans.eus\/eu\/wp-json\/wp\/v2\/tags?post=5405"}],"curies":[{"name":"wp","href":"https:\/\/api.w.org\/{rel}","templated":true}]}}