{"id":5420,"date":"2017-01-23T00:00:00","date_gmt":"2017-01-22T23:00:00","guid":{"rendered":"https:\/\/guitrans.eus\/wp\/index.php\/2017\/01\/23\/real-decreto-que-fomenta-la-reutilizacion-de-piezas-materiales-y-componentes-procedentes-de-los-automoviles-cuando-son-achatarrados\/"},"modified":"2017-01-23T00:00:00","modified_gmt":"2017-01-22T23:00:00","slug":"real-decreto-que-fomenta-la-reutilizacion-de-piezas-materiales-y-componentes-procedentes-de-los-automoviles-cuando-son-achatarrados","status":"publish","type":"post","link":"https:\/\/www.guitrans.eus\/eu\/2017\/01\/23\/real-decreto-que-fomenta-la-reutilizacion-de-piezas-materiales-y-componentes-procedentes-de-los-automoviles-cuando-son-achatarrados\/","title":{"rendered":"Real Decreto que fomenta la reutilizaci\u00f3n de piezas, materiales y componentes procedentes de los autom\u00f3viles cuando son achatarrados"},"content":{"rendered":"<p>El Real Decreto 20\/2017, de 20 de enero, sobre los veh\u00edculos al final de<br \/>\n su vida \u00fatil, publicado en el BOE del pasado 21 de enero, persigue<br \/>\nreducir &#8220;al m\u00e1ximo&#8221; las repercusiones sobre el medio ambiente de los<br \/>\nresiduos que generan los veh\u00edculos al final de su vida \u00fatil, as\u00ed como<br \/>\nasegurar una mejor recuperaci\u00f3n de los materiales. Con la entrada en vigor de este nuevo Real Decreto, queda derogado el Real Decreto 1383\/2002, de 20 de diciembre, sobre gesti\u00f3n de veh\u00edculos al final de su vida \u00fatil.<br \/>\nAdaptaci\u00f3n a la Ley de Residuos<br \/>\nMediante este nuevo Real Decreto se adapta la regulaci\u00f3n de los<br \/>\nveh\u00edculos al final de su vida \u00fatil a la Ley de Residuos y Suelos<br \/>\nContaminados, en especial a aspectos como incluir la &#8220;preparaci\u00f3n para<br \/>\nla reutilizaci\u00f3n&#8221;, que comprende las operaciones de comprobaci\u00f3n,<br \/>\nlimpieza o reparaci\u00f3n mediante las cuales los componentes de los<br \/>\nveh\u00edculos que se hayan convertido en residuos se preparan para que<br \/>\npuedan reutilizarse.<br \/>\nIgualmente, se establecen las previsiones relativas a la<br \/>\nresponsabilidad ampliada del productor del veh\u00edculo, contempladas en la<br \/>\nLey de Residuos, para dar cumplimiento a las obligaciones de los<br \/>\nfabricantes e importadores de organizar la recogida y gesti\u00f3n de los<br \/>\nveh\u00edculos al final de su vida \u00fatil y, cuando resulte necesario, la<br \/>\nfinanciaci\u00f3n de esa recogida y del tratamiento de los residuos generados<br \/>\n por ellos.<br \/>\nEl Real Decreto introduce tambi\u00e9n, por primera vez, objetivos<br \/>\nespec\u00edficos con porcentajes de preparaci\u00f3n para la reutilizaci\u00f3n, con lo<br \/>\n que se fomenta la econom\u00eda circular.<br \/>\nPara fomentar la reutilizaci\u00f3n, adem\u00e1s, el Real Decreto establece un<br \/>\nproceso que obliga a que todos los veh\u00edculos al final de su vida \u00fatil se<br \/>\n traten, primero, en un Centro Autorizado de Transformaci\u00f3n, donde se<br \/>\ndescontaminan y se separan las piezas que pueden ser reutilizadas.<br \/>\nAdem\u00e1s, el establecimiento de objetivos m\u00ednimos de preparaci\u00f3n para la<br \/>\nreutilizaci\u00f3n otorga instrumentos a las Administraciones p\u00fablicas para<br \/>\nconocer la cantidad de piezas que se comercializan en el mercado de<br \/>\nsegunda mano.<br \/>\nPor otra parte, la clarificaci\u00f3n de la cadena de tratamiento del veh\u00edculo permitir\u00e1 combatir m\u00e1s eficazmente el desguace ilegal.<br \/>\nMejora de la informaci\u00f3n<br \/>\nLos productores de veh\u00edculos deben presentar, asimismo, un informe<br \/>\nanual sobre la puesta en el mercado de veh\u00edculos y los residuos<br \/>\ngenerados, recogidos y tratados procedentes de estos veh\u00edculos.<br \/>\nAdem\u00e1s, los gestores de residuos que realicen operaciones de<br \/>\ntratamiento de veh\u00edculos al final de su vida \u00fatil presentar\u00e1n una<br \/>\nmemoria anual relativa a todos los residuos que gestionen.<\/p>\n","protected":false},"excerpt":{"rendered":"<p>El Real Decreto 20\/2017, de 20 de enero, sobre los<a href=\"https:\/\/www.guitrans.eus\/eu\/2017\/01\/23\/real-decreto-que-fomenta-la-reutilizacion-de-piezas-materiales-y-componentes-procedentes-de-los-automoviles-cuando-son-achatarrados\/\" rel=\"nofollow\">Seguir leyendo&#8230;<\/a><\/p>\n","protected":false},"author":1,"featured_media":0,"comment_status":"open","ping_status":"open","sticky":false,"template":"","format":"standard","meta":{"footnotes":""},"categories":[88],"tags":[],"class_list":["post-5420","post","type-post","status-publish","format-standard","hentry","category-araudia"],"_links":{"self":[{"href":"https:\/\/www.guitrans.eus\/eu\/wp-json\/wp\/v2\/posts\/5420","targetHints":{"allow":["GET"]}}],"collection":[{"href":"https:\/\/www.guitrans.eus\/eu\/wp-json\/wp\/v2\/posts"}],"about":[{"href":"https:\/\/www.guitrans.eus\/eu\/wp-json\/wp\/v2\/types\/post"}],"author":[{"embeddable":true,"href":"https:\/\/www.guitrans.eus\/eu\/wp-json\/wp\/v2\/users\/1"}],"replies":[{"embeddable":true,"href":"https:\/\/www.guitrans.eus\/eu\/wp-json\/wp\/v2\/comments?post=5420"}],"version-history":[{"count":0,"href":"https:\/\/www.guitrans.eus\/eu\/wp-json\/wp\/v2\/posts\/5420\/revisions"}],"wp:attachment":[{"href":"https:\/\/www.guitrans.eus\/eu\/wp-json\/wp\/v2\/media?parent=5420"}],"wp:term":[{"taxonomy":"category","embeddable":true,"href":"https:\/\/www.guitrans.eus\/eu\/wp-json\/wp\/v2\/categories?post=5420"},{"taxonomy":"post_tag","embeddable":true,"href":"https:\/\/www.guitrans.eus\/eu\/wp-json\/wp\/v2\/tags?post=5420"}],"curies":[{"name":"wp","href":"https:\/\/api.w.org\/{rel}","templated":true}]}}