{"id":5442,"date":"2017-02-07T00:00:00","date_gmt":"2017-02-06T23:00:00","guid":{"rendered":"https:\/\/guitrans.eus\/wp\/index.php\/2017\/02\/07\/distincion-de-excelencia-y-competitividad-para-los-poligonos-empresariales-de-la-cav\/"},"modified":"2017-02-07T00:00:00","modified_gmt":"2017-02-06T23:00:00","slug":"distincion-de-excelencia-y-competitividad-para-los-poligonos-empresariales-de-la-cav","status":"publish","type":"post","link":"https:\/\/www.guitrans.eus\/eu\/2017\/02\/07\/distincion-de-excelencia-y-competitividad-para-los-poligonos-empresariales-de-la-cav\/","title":{"rendered":"Distinci\u00f3n de excelencia y competitividad para los pol\u00edgonos empresariales de la CAV"},"content":{"rendered":"<p>El proyecto piloto evaluar\u00e1 10 pol\u00edgonos de la CAV, Catalu\u00f1a, Galicia, Extremadura, Madrid, Baleares y Comunidad Valenciana. Sprilur, dependiente del Grupo Spri y adscrita al Departamento de<br \/>\nDesarrollo Econ\u00f3mico e Infraestructuras del Gobierno Vasco, participa,<br \/>\ncomo miembro de la Junta Directiva de Coordinadora Espa\u00f1ola de Pol\u00edgonos<br \/>\n Empresariales-CEPE, en una iniciativa que tiene como objetivo potenciar<br \/>\n la marca de calidad de los pol\u00edgonos empresariales. As\u00ed, los pol\u00edgonos<br \/>\nempresariales de Euskadi podr\u00e1n obtener una acreditaci\u00f3n<br \/>\nsimilar a la de bandera azul que premie y distinga la calidad,<br \/>\nvalorando y validando la capacidad de sus infraestructuras, los<br \/>\nservicios y otras variables que tengan en su entorno.<br \/>\nCEPE ha presentado oficialmente un proyecto de mejora continua que<br \/>\ncentra sus objetivos en dar valor a los pol\u00edgonos empresariales, como<br \/>\nmotores de la econom\u00eda.<br \/>\nEsta iniciativa contempla distinguir y acreditar unos niveles m\u00ednimos<br \/>\n de servicios e infraestructuras (alumbrado, aparcamientos,<br \/>\ntelecomunicaciones,?), gesti\u00f3n de servicios b\u00e1sicos y suministros<br \/>\n(electricidad, gas, redes de aguas&#8230;), gesti\u00f3n del \u00e1rea empresarial,<br \/>\nservicios prestados a empresas (vigilancia, formaci\u00f3n, modernizaci\u00f3n de<br \/>\ntecnolog\u00edas, conciliaci\u00f3n laboral y familiar, ?), movilidad y<br \/>\ntransporte, influencia social y del entorno, ? validando la capacidad y<br \/>\nmantenimiento.<br \/>\nLas comunidades aut\u00f3nomas representadas consideran vital que todos<br \/>\nlos agentes implicados en la gesti\u00f3n y uso de las \u00e1reas empresariales<br \/>\napuesten por el necesario cuidado y mantenimiento de las \u00e1reas<br \/>\nempresariales. As\u00ed, valorar y catalogar su nivel de calidad y servicios<br \/>\npermitir\u00e1 distinguir las \u00e1reas empresariales de forma similar a la que<br \/>\notorgan las estrellas en hoteles o banderas azules en playas.<br \/>\nEl lanzamiento de esta iniciativa pretende fomentar e incentivar a<br \/>\nlas organizaciones empresariales y a las administraciones p\u00fablicas que<br \/>\ngestionan este tipo de \u00e1reas. La entidad solicitante de una marca o<br \/>\ndistinci\u00f3n en un pol\u00edgono empresarial pueden ser ayuntamientos,<br \/>\ndiputaciones, entidades promotoras, de conservaci\u00f3n, comunidad de<br \/>\npropietarios y\/o asociaci\u00f3n de empresarios, entre otros.<br \/>\nLos beneficiarios de la implantaci\u00f3n de estas marcas de calidad y<br \/>\nexcelencia ser\u00e1n las asociaciones de empresas, trabajadores, entidades<br \/>\ngestoras, ayuntamientos y usuarios en general, a quienes aportar\u00e1 valor<br \/>\na\u00f1adido, competitividad, bienestar y desarrollo econ\u00f3mico.<\/p>\n","protected":false},"excerpt":{"rendered":"<p>Un equipo t\u00e9cnico experto est\u00e1 llevando a cabo un estudio de diagn\u00f3stico<br \/>\n en \u00e1mbitos como la seguridad, limpieza, infraestructuras telem\u00e1ticas,<br \/>\ntransporte, etc. en cada uno de las \u00e1reas preseleccionadas.<\/p>\n","protected":false},"author":1,"featured_media":0,"comment_status":"open","ping_status":"open","sticky":false,"template":"","format":"standard","meta":{"footnotes":""},"categories":[17],"tags":[],"class_list":["post-5442","post","type-post","status-publish","format-standard","hentry","category-infraestructuras"],"_links":{"self":[{"href":"https:\/\/www.guitrans.eus\/eu\/wp-json\/wp\/v2\/posts\/5442","targetHints":{"allow":["GET"]}}],"collection":[{"href":"https:\/\/www.guitrans.eus\/eu\/wp-json\/wp\/v2\/posts"}],"about":[{"href":"https:\/\/www.guitrans.eus\/eu\/wp-json\/wp\/v2\/types\/post"}],"author":[{"embeddable":true,"href":"https:\/\/www.guitrans.eus\/eu\/wp-json\/wp\/v2\/users\/1"}],"replies":[{"embeddable":true,"href":"https:\/\/www.guitrans.eus\/eu\/wp-json\/wp\/v2\/comments?post=5442"}],"version-history":[{"count":0,"href":"https:\/\/www.guitrans.eus\/eu\/wp-json\/wp\/v2\/posts\/5442\/revisions"}],"wp:attachment":[{"href":"https:\/\/www.guitrans.eus\/eu\/wp-json\/wp\/v2\/media?parent=5442"}],"wp:term":[{"taxonomy":"category","embeddable":true,"href":"https:\/\/www.guitrans.eus\/eu\/wp-json\/wp\/v2\/categories?post=5442"},{"taxonomy":"post_tag","embeddable":true,"href":"https:\/\/www.guitrans.eus\/eu\/wp-json\/wp\/v2\/tags?post=5442"}],"curies":[{"name":"wp","href":"https:\/\/api.w.org\/{rel}","templated":true}]}}