{"id":5450,"date":"2017-02-09T00:00:00","date_gmt":"2017-02-08T23:00:00","guid":{"rendered":"https:\/\/guitrans.eus\/wp\/index.php\/2017\/02\/09\/navarra-es-ofrece-imagenes-a-tiempo-real-de-camaras-instaladas-en-las-principales-carreteras\/"},"modified":"2017-02-09T00:00:00","modified_gmt":"2017-02-08T23:00:00","slug":"navarra-es-ofrece-imagenes-a-tiempo-real-de-camaras-instaladas-en-las-principales-carreteras","status":"publish","type":"post","link":"https:\/\/www.guitrans.eus\/eu\/2017\/02\/09\/navarra-es-ofrece-imagenes-a-tiempo-real-de-camaras-instaladas-en-las-principales-carreteras\/","title":{"rendered":"navarra.es ofrece im\u00e1genes a tiempo real de c\u00e1maras instaladas en las principales carreteras"},"content":{"rendered":"<p>La Direcci\u00f3n General de Obras P\u00fablicas ha habilitado en el portal<br \/>\nwww.navarra.es el acceso a 16 c\u00e1maras de v\u00eddeo instaladas en la red de<br \/>\ncarreteras de Navarra con el objetivo de que la ciudadan\u00eda pueda<br \/>\ncomprobar en tiempo real el estado de las principales v\u00edas,<br \/>\nintersecciones y otros puntos de inter\u00e9s. Esta informaci\u00f3n se suma a la ofrecida en la p\u00e1gina web www.incidenciascarreteras.navarra.es y en el tel\u00e9fono 848 423 500 sobre el estado actualizado de las carreteras de la Comunidad Foral.<\/p>\n","protected":false},"excerpt":{"rendered":"<p>En concreto, en el portal web del Gobierno de Navarra se pueden visionar ahora tramos e intersecciones de las autov\u00edas de la Barranca (A-10), del Camino (A-12) del Ebro (A-68), de Leitzaran (A-15) y del Norte (A-1); de la Ronda de Pamplona (PA-30) y otras carreteras de inter\u00e9s de la Comarca; del Puerto de Belagua (NA-137) y del t\u00fanel de Ezkaba, donde se ubican dos c\u00e1maras, una en cada boca.<\/p>\n","protected":false},"author":1,"featured_media":0,"comment_status":"open","ping_status":"open","sticky":false,"template":"","format":"standard","meta":{"footnotes":""},"categories":[36],"tags":[],"class_list":["post-5450","post","type-post","status-publish","format-standard","hentry","category-trafico-seguridad-vial"],"_links":{"self":[{"href":"https:\/\/www.guitrans.eus\/eu\/wp-json\/wp\/v2\/posts\/5450","targetHints":{"allow":["GET"]}}],"collection":[{"href":"https:\/\/www.guitrans.eus\/eu\/wp-json\/wp\/v2\/posts"}],"about":[{"href":"https:\/\/www.guitrans.eus\/eu\/wp-json\/wp\/v2\/types\/post"}],"author":[{"embeddable":true,"href":"https:\/\/www.guitrans.eus\/eu\/wp-json\/wp\/v2\/users\/1"}],"replies":[{"embeddable":true,"href":"https:\/\/www.guitrans.eus\/eu\/wp-json\/wp\/v2\/comments?post=5450"}],"version-history":[{"count":0,"href":"https:\/\/www.guitrans.eus\/eu\/wp-json\/wp\/v2\/posts\/5450\/revisions"}],"wp:attachment":[{"href":"https:\/\/www.guitrans.eus\/eu\/wp-json\/wp\/v2\/media?parent=5450"}],"wp:term":[{"taxonomy":"category","embeddable":true,"href":"https:\/\/www.guitrans.eus\/eu\/wp-json\/wp\/v2\/categories?post=5450"},{"taxonomy":"post_tag","embeddable":true,"href":"https:\/\/www.guitrans.eus\/eu\/wp-json\/wp\/v2\/tags?post=5450"}],"curies":[{"name":"wp","href":"https:\/\/api.w.org\/{rel}","templated":true}]}}