{"id":5537,"date":"2017-03-28T00:00:00","date_gmt":"2017-03-27T22:00:00","guid":{"rendered":"https:\/\/guitrans.eus\/wp\/index.php\/2017\/03\/28\/cerca-de-8-900-millones-de-euros-para-generar-empleo-y-bajar-el-paro-al-10\/"},"modified":"2017-03-28T00:00:00","modified_gmt":"2017-03-27T22:00:00","slug":"cerca-de-8-900-millones-de-euros-para-generar-empleo-y-bajar-el-paro-al-10","status":"publish","type":"post","link":"https:\/\/www.guitrans.eus\/eu\/2017\/03\/28\/cerca-de-8-900-millones-de-euros-para-generar-empleo-y-bajar-el-paro-al-10\/","title":{"rendered":"Cerca de 8.900 millones de euros para generar empleo y bajar el paro al 10%"},"content":{"rendered":"<p>Los recursos estimados para este programa hasta 2020 ascienden a un<br \/>\ntotal de 8.800 millones de euros: 1.175 millones de euros para el Plan de Empleo; 5.225<br \/>\nmillones de euros para Inversi\u00f3n, Innovaci\u00f3n, Internacionalizaci\u00f3n e<br \/>\nIndustrializaci\u00f3n; y 2.400 millones de euros en avales.<br \/>\nEl Programa Marco aprobado hoy se constituye como una estrategia de Pa\u00eds y se resume en las siguientes ideas: <\/p>\n<p>  Una Estrategia integrada de apoyo al Empleo y la Reactivaci\u00f3n Econ\u00f3mica dotada con 8.800 millones de euros para reducir el paro por debajo del 10%. <\/p>\n<p>  Un Plan Espec\u00edfico de Empleo para favorecer la formaci\u00f3n, el emprendimiento y la inserci\u00f3n laboral. <\/p>\n<p>  Puesta en marcha de una l\u00ednea espec\u00edfica de apoyo al empleo juvenil que permitir\u00e1 ofrecer una oportunidad laboral a 20.000 j\u00f3venes. <\/p>\n<p>  Crecimiento anual del 5% del presupuesto destinado a I+D+i. <\/p>\n<p>  Apoyo a la internacionalizaci\u00f3n de las Peque\u00f1as y Medianas empresas vascas. <\/p>\n<p>  Desarrollo de la ?estrategia de especializaci\u00f3n inteligente RIS3? para&nbsp; consolidar a Euskadi como regi\u00f3n de alta innovaci\u00f3n en Europa. <\/p>\n<p>  Apuesta por la cuarta revoluci\u00f3n industrial como motor del desarrollo econ\u00f3mico de Euskadi. <\/p>\n<p>  Potenciar la digitalizaci\u00f3n de las PYME vascas, desarrollando la estrategia de la Agenda Digital de Euskadi para la modernizaci\u00f3n y digitalizaci\u00f3n de 1.500 empresas. <\/p>\n<p>  Apuesta por la formaci\u00f3n dual y la Formaci\u00f3n Profesional en los centros de trabajo. <\/p>\n<p>  Renovaci\u00f3n y consolidaci\u00f3n del empleo p\u00fablico, dando respuesta al escenario de jubilaciones previsto. <\/p>\n<p>Finalmente, est\u00e1 previsto que este programa tenga un impacto de cara al a\u00f1o 2020 de: <\/p>\n<p>  45.000 empleos incentivados<br \/>\n  6.000 nuevas empresas apoyadas<br \/>\n  100 nuevos proyectos de investigaci\u00f3n&nbsp; financiados<br \/>\n  1.200 PYME apoyadas en su acceso a mercados exteriores<br \/>\n  1.100 PYME apoyadas en sus proyectos de modernizaci\u00f3n y expansi\u00f3n<br \/>\n  4.100 proyectos de innovaci\u00f3n en PYME apoyados.<\/p>\n","protected":false},"excerpt":{"rendered":"<p>El programa, presentado por el Lehendakari el martes 28, est\u00e1 dotado con 8.800 millones de euros y busca reducir la tasa de paro por debajo del 10% durante esta legislatura.<\/p>\n","protected":false},"author":1,"featured_media":0,"comment_status":"open","ping_status":"open","sticky":false,"template":"","format":"standard","meta":{"footnotes":""},"categories":[10],"tags":[],"class_list":["post-5537","post","type-post","status-publish","format-standard","hentry","category-economia"],"_links":{"self":[{"href":"https:\/\/www.guitrans.eus\/eu\/wp-json\/wp\/v2\/posts\/5537","targetHints":{"allow":["GET"]}}],"collection":[{"href":"https:\/\/www.guitrans.eus\/eu\/wp-json\/wp\/v2\/posts"}],"about":[{"href":"https:\/\/www.guitrans.eus\/eu\/wp-json\/wp\/v2\/types\/post"}],"author":[{"embeddable":true,"href":"https:\/\/www.guitrans.eus\/eu\/wp-json\/wp\/v2\/users\/1"}],"replies":[{"embeddable":true,"href":"https:\/\/www.guitrans.eus\/eu\/wp-json\/wp\/v2\/comments?post=5537"}],"version-history":[{"count":0,"href":"https:\/\/www.guitrans.eus\/eu\/wp-json\/wp\/v2\/posts\/5537\/revisions"}],"wp:attachment":[{"href":"https:\/\/www.guitrans.eus\/eu\/wp-json\/wp\/v2\/media?parent=5537"}],"wp:term":[{"taxonomy":"category","embeddable":true,"href":"https:\/\/www.guitrans.eus\/eu\/wp-json\/wp\/v2\/categories?post=5537"},{"taxonomy":"post_tag","embeddable":true,"href":"https:\/\/www.guitrans.eus\/eu\/wp-json\/wp\/v2\/tags?post=5537"}],"curies":[{"name":"wp","href":"https:\/\/api.w.org\/{rel}","templated":true}]}}