{"id":5603,"date":"2017-05-17T00:00:00","date_gmt":"2017-05-16T22:00:00","guid":{"rendered":"https:\/\/guitrans.eus\/wp\/index.php\/2017\/05\/17\/se-restringira-el-trafico-de-vehiculos-pesados-en-la-n-232-facilitando-su-desplazamiento-a-la-autopista-ap-68\/"},"modified":"2017-05-17T00:00:00","modified_gmt":"2017-05-16T22:00:00","slug":"se-restringira-el-trafico-de-vehiculos-pesados-en-la-n-232-facilitando-su-desplazamiento-a-la-autopista-ap-68","status":"publish","type":"post","link":"https:\/\/www.guitrans.eus\/eu\/2017\/05\/17\/se-restringira-el-trafico-de-vehiculos-pesados-en-la-n-232-facilitando-su-desplazamiento-a-la-autopista-ap-68\/","title":{"rendered":"Se restringir\u00e1 el tr\u00e1fico de veh\u00edculos pesados en la N-232, facilitando su desplazamiento a la autopista AP-68"},"content":{"rendered":"<p>El ministro de Fomento, I\u00f1igo de la Serna, y el presidente del Gobierno<br \/>\nde La Rioja, Jos\u00e9 Ignacio Ceniceros, firmaron el pasado 16 de mayo un protocolo para<br \/>\nla mejora de la movilidad y funcionalidad del corredor viario formado<br \/>\npor la autopista AP-68 y la carretera N-232.<br \/>\nEl protocolo contempla restringir el tr\u00e1fico de veh\u00edculos pesados de<br \/>\nmayor volumen (veh\u00edculos pesados de 4 o m\u00e1s ejes) en la N-232,<br \/>\nfacilitando su desplazamiento a la autopista AP-68, con el objetivo de<br \/>\nmejorar las condiciones de circulaci\u00f3n de dicha carretera a su paso por<br \/>\nla Comunidad Aut\u00f3noma de la Rioja. Esta medida ir\u00e1 acompa\u00f1ada de una<br \/>\nbonificaci\u00f3n del 75% en los peajes para este tipo de veh\u00edculos.<br \/>\nAsimismo, el protocolo suscrito contempla: <\/p>\n<p>  La aprobaci\u00f3n del proyecto de construcci\u00f3n de la Ronda Sur de<br \/>\nLogro\u00f1o, cuyo trazado se apoya en la AP-68 entre Navarrete y Arr\u00fabal, y<br \/>\nel inicio de las expropiaciones y la contrataci\u00f3n de las obras.<br \/>\n  Desdoblar la N-232 desde Calahorra hasta el l\u00edmite de provincia<br \/>\n de Navarra, para lo que se redactar\u00e1 el correspondiente proyecto.<br \/>\n  Completar el enlace de Lodosa, cuya configuraci\u00f3n actual s\u00f3lo<br \/>\npermite los movimientos sentido Zaragoza, de forma que sean posibles<br \/>\ntambi\u00e9n los movimientos sentido Logro\u00f1o. El Ministerio de Fomento<br \/>\ncomenzar\u00e1 los tr\u00e1mites de redacci\u00f3n del proyecto e informaci\u00f3n p\u00fablica<br \/>\nnecesaria durante 2017.<br \/>\n  Redactar el proyecto de construcci\u00f3n de la variante de Villar de Arnedo en la N-232.<br \/>\n  Aprobar el proyecto de construcci\u00f3n de la A-12 en el tramo<br \/>\nentre Santo Domingo de la Calzada y Villamayor del R\u00edo e iniciar las<br \/>\nexpropiaciones y la contrataci\u00f3n de las obras.<br \/>\n  Aprobar las obras del enlace de la N-111 en Lardero e iniciar las expropiaciones y la contrataci\u00f3n de las obras.<\/p>\n<p>Estas medidas se encuentran incluidas en el proyecto de Presupuestos Generales del Estado para 2017.<\/p>\n","protected":false},"excerpt":{"rendered":"<p>Esta medida ir\u00e1 acompa\u00f1ada de una bonificaci\u00f3n del 75% en los peajes para este tipo de veh\u00edculos.<\/p>\n","protected":false},"author":1,"featured_media":0,"comment_status":"open","ping_status":"open","sticky":false,"template":"","format":"standard","meta":{"footnotes":""},"categories":[100],"tags":[],"class_list":["post-5603","post","type-post","status-publish","format-standard","hentry","category-azpiegiturak"],"_links":{"self":[{"href":"https:\/\/www.guitrans.eus\/eu\/wp-json\/wp\/v2\/posts\/5603","targetHints":{"allow":["GET"]}}],"collection":[{"href":"https:\/\/www.guitrans.eus\/eu\/wp-json\/wp\/v2\/posts"}],"about":[{"href":"https:\/\/www.guitrans.eus\/eu\/wp-json\/wp\/v2\/types\/post"}],"author":[{"embeddable":true,"href":"https:\/\/www.guitrans.eus\/eu\/wp-json\/wp\/v2\/users\/1"}],"replies":[{"embeddable":true,"href":"https:\/\/www.guitrans.eus\/eu\/wp-json\/wp\/v2\/comments?post=5603"}],"version-history":[{"count":0,"href":"https:\/\/www.guitrans.eus\/eu\/wp-json\/wp\/v2\/posts\/5603\/revisions"}],"wp:attachment":[{"href":"https:\/\/www.guitrans.eus\/eu\/wp-json\/wp\/v2\/media?parent=5603"}],"wp:term":[{"taxonomy":"category","embeddable":true,"href":"https:\/\/www.guitrans.eus\/eu\/wp-json\/wp\/v2\/categories?post=5603"},{"taxonomy":"post_tag","embeddable":true,"href":"https:\/\/www.guitrans.eus\/eu\/wp-json\/wp\/v2\/tags?post=5603"}],"curies":[{"name":"wp","href":"https:\/\/api.w.org\/{rel}","templated":true}]}}