{"id":5676,"date":"2017-07-20T00:00:00","date_gmt":"2017-07-19T22:00:00","guid":{"rendered":"https:\/\/guitrans.eus\/wp\/index.php\/2017\/07\/20\/donostia-aprobado-el-proyecto-de-reordenacion-del-entorno-de-pio-xii-que-contara-con-un-centro-de-distribucion-de-mercancias\/"},"modified":"2017-07-20T00:00:00","modified_gmt":"2017-07-19T22:00:00","slug":"donostia-aprobado-el-proyecto-de-reordenacion-del-entorno-de-pio-xii-que-contara-con-un-centro-de-distribucion-de-mercancias","status":"publish","type":"post","link":"https:\/\/www.guitrans.eus\/eu\/2017\/07\/20\/donostia-aprobado-el-proyecto-de-reordenacion-del-entorno-de-pio-xii-que-contara-con-un-centro-de-distribucion-de-mercancias\/","title":{"rendered":"Donostia:  Aprobado el proyecto de reordenaci\u00f3n del entorno de P\u00edo XII que contar\u00e1 con un centro de distribuci\u00f3n de mercanc\u00edas"},"content":{"rendered":"<p>Del resultado de esta experiencia piloto depender\u00e1<br \/>\n que este sistema de reparto, que evitar\u00eda la entrada de furgonetas<br \/>\nhasta el centro de la ciudad, pueda extenderse a otros barrios de la<br \/>\nciudad. P\u00edo XII contar\u00e1 con un aparcabicis y un centro de distribuci\u00f3n de<br \/>\nmercanc\u00edas. Seg\u00fan ha informado el alcalde donostiarra estar\u00e1 ubicado<br \/>\ndonde actualmente empiezan las d\u00e1rsenas. Ser\u00e1 una<br \/>\nexperiencia piloto con la que testar el reparto de mercanc\u00edas en<br \/>\nbicicleta. El proyecto cuenta con ayuda de la Uni\u00f3n Europea y se probar\u00e1<br \/>\n con la<br \/>\ndistribuci\u00f3n de mercanc\u00edas a comercios, bares y restaurantes de Amara.<br \/>\nLas furgonetas de reparto llegar\u00e1n hasta este centro, descargar\u00e1n las<br \/>\nmercanc\u00edas y posteriormente ser\u00e1n las Txitas quien se encarguen de<br \/>\nfinalizar el reparto.<\/p>\n","protected":false},"excerpt":{"rendered":"<p>Del resultado de esta experiencia piloto depender\u00e1 que este sistema<a href=\"https:\/\/www.guitrans.eus\/eu\/2017\/07\/20\/donostia-aprobado-el-proyecto-de-reordenacion-del-entorno-de-pio-xii-que-contara-con-un-centro-de-distribucion-de-mercancias\/\" rel=\"nofollow\">Seguir leyendo&#8230;<\/a><\/p>\n","protected":false},"author":1,"featured_media":0,"comment_status":"open","ping_status":"open","sticky":false,"template":"","format":"standard","meta":{"footnotes":""},"categories":[100],"tags":[],"class_list":["post-5676","post","type-post","status-publish","format-standard","hentry","category-azpiegiturak"],"_links":{"self":[{"href":"https:\/\/www.guitrans.eus\/eu\/wp-json\/wp\/v2\/posts\/5676","targetHints":{"allow":["GET"]}}],"collection":[{"href":"https:\/\/www.guitrans.eus\/eu\/wp-json\/wp\/v2\/posts"}],"about":[{"href":"https:\/\/www.guitrans.eus\/eu\/wp-json\/wp\/v2\/types\/post"}],"author":[{"embeddable":true,"href":"https:\/\/www.guitrans.eus\/eu\/wp-json\/wp\/v2\/users\/1"}],"replies":[{"embeddable":true,"href":"https:\/\/www.guitrans.eus\/eu\/wp-json\/wp\/v2\/comments?post=5676"}],"version-history":[{"count":0,"href":"https:\/\/www.guitrans.eus\/eu\/wp-json\/wp\/v2\/posts\/5676\/revisions"}],"wp:attachment":[{"href":"https:\/\/www.guitrans.eus\/eu\/wp-json\/wp\/v2\/media?parent=5676"}],"wp:term":[{"taxonomy":"category","embeddable":true,"href":"https:\/\/www.guitrans.eus\/eu\/wp-json\/wp\/v2\/categories?post=5676"},{"taxonomy":"post_tag","embeddable":true,"href":"https:\/\/www.guitrans.eus\/eu\/wp-json\/wp\/v2\/tags?post=5676"}],"curies":[{"name":"wp","href":"https:\/\/api.w.org\/{rel}","templated":true}]}}