{"id":5683,"date":"2017-07-27T00:00:00","date_gmt":"2017-07-26T22:00:00","guid":{"rendered":"https:\/\/guitrans.eus\/wp\/index.php\/2017\/07\/27\/peaje-en-la-n-1-el-cntc-concretara-a-partir-de-octubre-las-fechas-de-las-movilizaciones-previstas\/"},"modified":"2017-07-27T00:00:00","modified_gmt":"2017-07-26T22:00:00","slug":"peaje-en-la-n-1-el-cntc-concretara-a-partir-de-octubre-las-fechas-de-las-movilizaciones-previstas","status":"publish","type":"post","link":"https:\/\/www.guitrans.eus\/eu\/2017\/07\/27\/peaje-en-la-n-1-el-cntc-concretara-a-partir-de-octubre-las-fechas-de-las-movilizaciones-previstas\/","title":{"rendered":"Peaje en la N-1: El CNTC concretar\u00e1 a partir de octubre las fechas de las movilizaciones previstas"},"content":{"rendered":"<p>Las asociaciones nacionales de transporte que componen el Departamento de Mercanc\u00edas del Comit\u00e9 Nacional del Transporte por Carretera e HIRU, han acordado llevar a cabo medidas conjuntas de movilizaci\u00f3n y concienciaci\u00f3n social, con las quehacer frente a la decisi\u00f3n unilateral de la Diputaci\u00f3n Foral de Gipuzkoa, de imponer un<br \/>\ncanon de hasta 10 euros por trayecto al transporte pesado por la utilizaci\u00f3n de la A-15 y N-1, a su paso por esta provincia. Las fechas en las que se llevar\u00e1n a cabo estas movilizaciones, se concretar\u00e1n a partir de octubre.<\/p>\n","protected":false},"excerpt":{"rendered":"<p>Las asociaciones nacionales de transporte que componen el Departamento de<a href=\"https:\/\/www.guitrans.eus\/eu\/2017\/07\/27\/peaje-en-la-n-1-el-cntc-concretara-a-partir-de-octubre-las-fechas-de-las-movilizaciones-previstas\/\" rel=\"nofollow\">Seguir leyendo&#8230;<\/a><\/p>\n","protected":false},"author":1,"featured_media":0,"comment_status":"open","ping_status":"open","sticky":false,"template":"","format":"standard","meta":{"footnotes":""},"categories":[100],"tags":[],"class_list":["post-5683","post","type-post","status-publish","format-standard","hentry","category-azpiegiturak"],"_links":{"self":[{"href":"https:\/\/www.guitrans.eus\/eu\/wp-json\/wp\/v2\/posts\/5683","targetHints":{"allow":["GET"]}}],"collection":[{"href":"https:\/\/www.guitrans.eus\/eu\/wp-json\/wp\/v2\/posts"}],"about":[{"href":"https:\/\/www.guitrans.eus\/eu\/wp-json\/wp\/v2\/types\/post"}],"author":[{"embeddable":true,"href":"https:\/\/www.guitrans.eus\/eu\/wp-json\/wp\/v2\/users\/1"}],"replies":[{"embeddable":true,"href":"https:\/\/www.guitrans.eus\/eu\/wp-json\/wp\/v2\/comments?post=5683"}],"version-history":[{"count":0,"href":"https:\/\/www.guitrans.eus\/eu\/wp-json\/wp\/v2\/posts\/5683\/revisions"}],"wp:attachment":[{"href":"https:\/\/www.guitrans.eus\/eu\/wp-json\/wp\/v2\/media?parent=5683"}],"wp:term":[{"taxonomy":"category","embeddable":true,"href":"https:\/\/www.guitrans.eus\/eu\/wp-json\/wp\/v2\/categories?post=5683"},{"taxonomy":"post_tag","embeddable":true,"href":"https:\/\/www.guitrans.eus\/eu\/wp-json\/wp\/v2\/tags?post=5683"}],"curies":[{"name":"wp","href":"https:\/\/api.w.org\/{rel}","templated":true}]}}