{"id":5694,"date":"2017-08-11T00:00:00","date_gmt":"2017-08-10T22:00:00","guid":{"rendered":"https:\/\/guitrans.eus\/wp\/index.php\/2017\/08\/11\/seguridad-social-habilitados-nuevos-servicios-telematicos-para-autonomos-desde-el-1-de-agosto\/"},"modified":"2017-08-11T00:00:00","modified_gmt":"2017-08-10T22:00:00","slug":"seguridad-social-habilitados-nuevos-servicios-telematicos-para-autonomos-desde-el-1-de-agosto","status":"publish","type":"post","link":"https:\/\/www.guitrans.eus\/eu\/2017\/08\/11\/seguridad-social-habilitados-nuevos-servicios-telematicos-para-autonomos-desde-el-1-de-agosto\/","title":{"rendered":"Seguridad Social: Habilitados nuevos servicios telem\u00e1ticos para aut\u00f3nomos desde el 1 de agosto"},"content":{"rendered":"<p>Modificaci\u00f3n de Actividad.Mediante&nbsp; este&nbsp; Servicio&nbsp; se&nbsp; podr\u00e1&nbsp; realizar&nbsp; la&nbsp; correcci\u00f3n&nbsp; de&nbsp; la&nbsp; actividad&nbsp; econ\u00f3mica&nbsp; anotada&nbsp; incorrectamente&nbsp; en&nbsp; el&nbsp; alta, o bien modificarla por haber cambiado la misma con posterioridad al alta, siempre que se solicite dentro del&nbsp; plazo reglamentario. La modificaci\u00f3n tendr\u00e1 efectos desde el d\u00eda primero del mes en el que se realice. Si deseara&nbsp; otros efectos deber\u00e1 solicitarlos ante&nbsp; una Administraci\u00f3n de la Seguridad Social.&nbsp; Solicitud de la Modificaci\u00f3n de los Datos de Cobertura para el a\u00f1o pr\u00f3ximo. Mediante&nbsp; este&nbsp; servicio&nbsp; se&nbsp; podr\u00e1&nbsp; solicitar&nbsp; la&nbsp; modificaci\u00f3n&nbsp; de&nbsp; los&nbsp; datos&nbsp; de&nbsp; cobertura&nbsp; de&nbsp; incapacidad&nbsp; temporal,&nbsp; accidente de trabajo\/enfermedad profesional, cese de actividad y cambio de Mutua para el a\u00f1o pr\u00f3ximo, dentro del&nbsp; plazo comprendido entre el 1 de enero y al 30 de septiembre de cada a\u00f1o.<br \/>\nEn paralelo, otra de las novedades que se incorporan es la<br \/>\nmodificaci\u00f3n del fichero de trabajadores y tramos para solicitar datos<br \/>\nde uno o varios trabajadores. Esta petici\u00f3n podr\u00e1 llevares a cabo en los<br \/>\n casos de las liquidaciones complementarias L03, L90, C00, C02, C03 y<br \/>\nC90.La incorporaci\u00f3n de estos nuevos servicios a la TGSS permite a<br \/>\ntrabajadores y empresas realizar m\u00e1s gestiones telem\u00e1ticamente evitando<br \/>\nesperas y desplazamientos<\/p>\n","protected":false},"excerpt":{"rendered":"<p>El RED de la Tesorer\u00eda General de la Seguridad Social (TGSS)<br \/>\nacaba de habilitar nuevos servicios para los trabajadores aut\u00f3nomos. En<br \/>\nconcreto, desde el 1 de agosto los miembros de este colectivo podr\u00e1n<br \/>\nllevar a cabo la modificaci\u00f3n de su actividad y solicitar cambios de los<br \/>\n datos de cobertura para el pr\u00f3ximo a\u00f1o.<\/p>\n","protected":false},"author":1,"featured_media":0,"comment_status":"open","ping_status":"open","sticky":false,"template":"","format":"standard","meta":{"footnotes":""},"categories":[27],"tags":[],"class_list":["post-5694","post","type-post","status-publish","format-standard","hentry","category-nuevas-tecnologias"],"_links":{"self":[{"href":"https:\/\/www.guitrans.eus\/eu\/wp-json\/wp\/v2\/posts\/5694","targetHints":{"allow":["GET"]}}],"collection":[{"href":"https:\/\/www.guitrans.eus\/eu\/wp-json\/wp\/v2\/posts"}],"about":[{"href":"https:\/\/www.guitrans.eus\/eu\/wp-json\/wp\/v2\/types\/post"}],"author":[{"embeddable":true,"href":"https:\/\/www.guitrans.eus\/eu\/wp-json\/wp\/v2\/users\/1"}],"replies":[{"embeddable":true,"href":"https:\/\/www.guitrans.eus\/eu\/wp-json\/wp\/v2\/comments?post=5694"}],"version-history":[{"count":0,"href":"https:\/\/www.guitrans.eus\/eu\/wp-json\/wp\/v2\/posts\/5694\/revisions"}],"wp:attachment":[{"href":"https:\/\/www.guitrans.eus\/eu\/wp-json\/wp\/v2\/media?parent=5694"}],"wp:term":[{"taxonomy":"category","embeddable":true,"href":"https:\/\/www.guitrans.eus\/eu\/wp-json\/wp\/v2\/categories?post=5694"},{"taxonomy":"post_tag","embeddable":true,"href":"https:\/\/www.guitrans.eus\/eu\/wp-json\/wp\/v2\/tags?post=5694"}],"curies":[{"name":"wp","href":"https:\/\/api.w.org\/{rel}","templated":true}]}}