{"id":5723,"date":"2017-09-20T00:00:00","date_gmt":"2017-09-19T22:00:00","guid":{"rendered":"https:\/\/guitrans.eus\/wp\/index.php\/2017\/09\/20\/el-gobierno-central-subira-las-cotizaciones-a-las-empresas-que-abusen-de-la-temporalidad\/"},"modified":"2017-09-20T00:00:00","modified_gmt":"2017-09-19T22:00:00","slug":"el-gobierno-central-subira-las-cotizaciones-a-las-empresas-que-abusen-de-la-temporalidad","status":"publish","type":"post","link":"https:\/\/www.guitrans.eus\/eu\/2017\/09\/20\/el-gobierno-central-subira-las-cotizaciones-a-las-empresas-que-abusen-de-la-temporalidad\/","title":{"rendered":"El Gobierno central subir\u00e1 las cotizaciones a las empresas que abusen de la temporalidad"},"content":{"rendered":"<p>As\u00ed se lo comunic\u00f3 la ministra de Empleo y Seguridad Social, F\u00e1tima<br \/>\nB\u00e1\u00f1ez, a los sindicatos y la patronal en la reuni\u00f3n que mantuvieron para<br \/>\n impulsar el di\u00e1logo social y establecer la agenda de trabajo hasta fin<br \/>\nde a\u00f1o. La propuesta del Ejecutivo es simplificar las modalidades de<br \/>\ncontrataci\u00f3n y reducirlas de cuatro a tres, de forma que haya un<br \/>\ncontrato indefinido, uno temporal de indemnizaci\u00f3n creciente y otro para<br \/>\n la formaci\u00f3n. En este \u00faltimo quedar\u00eda absorbido el actual contrato de<br \/>\npr\u00e1cticas.<\/p>\n","protected":false},"excerpt":{"rendered":"<p>El Gobierno quiere luchar contra la elevada temporalidad y para ello ha puesto encima de la mesa una serie de medidas encaminadas a incentivar el empleo indefinido. Entre ellas destacan el encarecimiento del despido para los contratos temporales y cotizaciones m\u00e1s elevadas para las empresas que abusen de este tipo de modalidad.<\/p>\n","protected":false},"author":1,"featured_media":0,"comment_status":"open","ping_status":"open","sticky":false,"template":"","format":"standard","meta":{"footnotes":""},"categories":[119],"tags":[],"class_list":["post-5723","post","type-post","status-publish","format-standard","hentry","category-lan-arloa"],"_links":{"self":[{"href":"https:\/\/www.guitrans.eus\/eu\/wp-json\/wp\/v2\/posts\/5723","targetHints":{"allow":["GET"]}}],"collection":[{"href":"https:\/\/www.guitrans.eus\/eu\/wp-json\/wp\/v2\/posts"}],"about":[{"href":"https:\/\/www.guitrans.eus\/eu\/wp-json\/wp\/v2\/types\/post"}],"author":[{"embeddable":true,"href":"https:\/\/www.guitrans.eus\/eu\/wp-json\/wp\/v2\/users\/1"}],"replies":[{"embeddable":true,"href":"https:\/\/www.guitrans.eus\/eu\/wp-json\/wp\/v2\/comments?post=5723"}],"version-history":[{"count":0,"href":"https:\/\/www.guitrans.eus\/eu\/wp-json\/wp\/v2\/posts\/5723\/revisions"}],"wp:attachment":[{"href":"https:\/\/www.guitrans.eus\/eu\/wp-json\/wp\/v2\/media?parent=5723"}],"wp:term":[{"taxonomy":"category","embeddable":true,"href":"https:\/\/www.guitrans.eus\/eu\/wp-json\/wp\/v2\/categories?post=5723"},{"taxonomy":"post_tag","embeddable":true,"href":"https:\/\/www.guitrans.eus\/eu\/wp-json\/wp\/v2\/tags?post=5723"}],"curies":[{"name":"wp","href":"https:\/\/api.w.org\/{rel}","templated":true}]}}