{"id":5748,"date":"2017-10-06T00:00:00","date_gmt":"2017-10-05T22:00:00","guid":{"rendered":"https:\/\/guitrans.eus\/wp\/index.php\/2017\/10\/06\/peaje-n-1-este-fin-de-semana-se-coloca-el-ultimo-de-los-porticos-en-andoain\/"},"modified":"2017-10-06T00:00:00","modified_gmt":"2017-10-05T22:00:00","slug":"peaje-n-1-este-fin-de-semana-se-coloca-el-ultimo-de-los-porticos-en-andoain","status":"publish","type":"post","link":"https:\/\/www.guitrans.eus\/eu\/2017\/10\/06\/peaje-n-1-este-fin-de-semana-se-coloca-el-ultimo-de-los-porticos-en-andoain\/","title":{"rendered":"Peaje N-1: Este fin de semana se coloca el \u00faltimo de los p\u00f3rticos en Andoain"},"content":{"rendered":"<p>La Diputada de Infraestructuras Viarias, Aintzane Oiarbide, compareci\u00f3<br \/>\nayer, a petici\u00f3n propia, en la comisi\u00f3n de Infraestructuras Viarias de<br \/>\nlas Juntas Generales para presentar las \u00faltimas novedades de la<br \/>\nimplantaci\u00f3n del sistema AT en varios tramos de la N-1 y A-15, en el eje<br \/>\n Irun-Etzegarate. &#8220;Todo marcha seg\u00fan lo previsto y la madrugada del<br \/>\ns\u00e1bado al domingo terminaremos de colocar el tercer p\u00f3rtico del sistema<br \/>\nAT&#8221;, ha se\u00f1alado la m\u00e1xima dirigente de este Departamento. Tambi\u00e9n inform\u00f3 de las \u00faltimas actualizaciones que est\u00e1n realizando en la web de BIDEGI donde se podr\u00e1n consultar todos los detalles del nuevo sistema de peaje, y del plan de comunicaci\u00f3n e informaci\u00f3n que est\u00e1n elaborando dirigido tanto al sector del transporte como a la ciudadan\u00eda. Ha recordado que &#8220;se comenzar\u00e1 probando el sistema, con la marcha blanca, hacia principios de noviembre&#8221;.Insisti\u00f3 en que se va a cobrar la misma tarifa a todos los transportistas, no contempl\u00e1ndose ning\u00fan descuento para los transportistas guipuzcoanos, medida que &#8220;rechazar\u00eda de inmediato la Comisi\u00f3n Europea&#8221;, no viendo Oiarbide &#8220;ning\u00fan problema de discriminaci\u00f3n por origen y destino&#8221;.&nbsp; Texto \u00edntegro nota de prensa &#8220;Europa da su visto bueno al peaje de la N-1&#8221;.<\/p>\n","protected":false},"excerpt":{"rendered":"<p>Durante una hora, desde las 02:00h hasta las 03:00h de la madrugada del s\u00e1bado al domingo la N-I estar\u00e1 cortada en ambas direcciones. Durante la hora que se prev\u00e9 este cortada la carretera, los veh\u00edculos ligeros ser\u00e1n desviados por el interior de Andoain. Por su lado, los veh\u00edculos pesados, deber\u00e1n permanecer en la N-I hasta que termine el operativo y de nuevo se habilite el paso.<\/p>\n","protected":false},"author":1,"featured_media":0,"comment_status":"open","ping_status":"open","sticky":false,"template":"","format":"standard","meta":{"footnotes":""},"categories":[100],"tags":[],"class_list":["post-5748","post","type-post","status-publish","format-standard","hentry","category-azpiegiturak"],"_links":{"self":[{"href":"https:\/\/www.guitrans.eus\/eu\/wp-json\/wp\/v2\/posts\/5748","targetHints":{"allow":["GET"]}}],"collection":[{"href":"https:\/\/www.guitrans.eus\/eu\/wp-json\/wp\/v2\/posts"}],"about":[{"href":"https:\/\/www.guitrans.eus\/eu\/wp-json\/wp\/v2\/types\/post"}],"author":[{"embeddable":true,"href":"https:\/\/www.guitrans.eus\/eu\/wp-json\/wp\/v2\/users\/1"}],"replies":[{"embeddable":true,"href":"https:\/\/www.guitrans.eus\/eu\/wp-json\/wp\/v2\/comments?post=5748"}],"version-history":[{"count":0,"href":"https:\/\/www.guitrans.eus\/eu\/wp-json\/wp\/v2\/posts\/5748\/revisions"}],"wp:attachment":[{"href":"https:\/\/www.guitrans.eus\/eu\/wp-json\/wp\/v2\/media?parent=5748"}],"wp:term":[{"taxonomy":"category","embeddable":true,"href":"https:\/\/www.guitrans.eus\/eu\/wp-json\/wp\/v2\/categories?post=5748"},{"taxonomy":"post_tag","embeddable":true,"href":"https:\/\/www.guitrans.eus\/eu\/wp-json\/wp\/v2\/tags?post=5748"}],"curies":[{"name":"wp","href":"https:\/\/api.w.org\/{rel}","templated":true}]}}