{"id":5756,"date":"2017-10-17T00:00:00","date_gmt":"2017-10-16T22:00:00","guid":{"rendered":"https:\/\/guitrans.eus\/wp\/index.php\/2017\/10\/17\/reino-unido-a-partir-del-1-de-noviembre-sancionara-por-realizar-el-descanso-semanal-de-45-horas-en-la-cabina-del-camion\/"},"modified":"2017-10-17T00:00:00","modified_gmt":"2017-10-16T22:00:00","slug":"reino-unido-a-partir-del-1-de-noviembre-sancionara-por-realizar-el-descanso-semanal-de-45-horas-en-la-cabina-del-camion","status":"publish","type":"post","link":"https:\/\/www.guitrans.eus\/eu\/2017\/10\/17\/reino-unido-a-partir-del-1-de-noviembre-sancionara-por-realizar-el-descanso-semanal-de-45-horas-en-la-cabina-del-camion\/","title":{"rendered":"Reino Unido: A partir del 1 de noviembre sancionar\u00e1 por realizar el descanso semanal de 45 horas en la cabina del cami\u00f3n"},"content":{"rendered":"<p>Seg\u00fan la informaci\u00f3n facilitada por ASTIC, a partir del 1 de noviembre DVSA comenzar\u00e1 a sancionar a los conductores que tomen descansos en las cabinas fuera de las \u00e1reas de descanso formales (es decir, \u00e1reas de servicio y paradas de camiones), incluyendo: <\/p>\n<p>  Multas fijas de 300 libras esterlinas<br \/>\n  Inhabilitaciones temporales al conductor hasta que el descanso semanal completo se tome correctamente, es decir, fuera de la cabina o en un \u00e1rea de descanso formal<br \/>\n  &nbsp;Informar sobre las empresas implicadas a sus autoridades encargadas de la concesi\u00f3n de licencias, incluso en el extranjero.<br \/>\nDocumento explicativo de la asociaci\u00f3n brit\u00e1nica RHA.<\/p>\n","protected":false},"excerpt":{"rendered":"<p>Hasta el 31 de octubre los inspectores de tr\u00e1fico del DVSA, organismo brit\u00e1nico similar a la DGT, seguir\u00e1n advirtiendo a los conductores.<\/p>\n","protected":false},"author":1,"featured_media":0,"comment_status":"open","ping_status":"open","sticky":false,"template":"","format":"standard","meta":{"footnotes":""},"categories":[12],"tags":[],"class_list":["post-5756","post","type-post","status-publish","format-standard","hentry","category-europa"],"_links":{"self":[{"href":"https:\/\/www.guitrans.eus\/eu\/wp-json\/wp\/v2\/posts\/5756","targetHints":{"allow":["GET"]}}],"collection":[{"href":"https:\/\/www.guitrans.eus\/eu\/wp-json\/wp\/v2\/posts"}],"about":[{"href":"https:\/\/www.guitrans.eus\/eu\/wp-json\/wp\/v2\/types\/post"}],"author":[{"embeddable":true,"href":"https:\/\/www.guitrans.eus\/eu\/wp-json\/wp\/v2\/users\/1"}],"replies":[{"embeddable":true,"href":"https:\/\/www.guitrans.eus\/eu\/wp-json\/wp\/v2\/comments?post=5756"}],"version-history":[{"count":0,"href":"https:\/\/www.guitrans.eus\/eu\/wp-json\/wp\/v2\/posts\/5756\/revisions"}],"wp:attachment":[{"href":"https:\/\/www.guitrans.eus\/eu\/wp-json\/wp\/v2\/media?parent=5756"}],"wp:term":[{"taxonomy":"category","embeddable":true,"href":"https:\/\/www.guitrans.eus\/eu\/wp-json\/wp\/v2\/categories?post=5756"},{"taxonomy":"post_tag","embeddable":true,"href":"https:\/\/www.guitrans.eus\/eu\/wp-json\/wp\/v2\/tags?post=5756"}],"curies":[{"name":"wp","href":"https:\/\/api.w.org\/{rel}","templated":true}]}}