{"id":5760,"date":"2017-10-19T00:00:00","date_gmt":"2017-10-18T22:00:00","guid":{"rendered":"https:\/\/guitrans.eus\/wp\/index.php\/2017\/10\/19\/el-cntc-seguira-dialogando-con-la-diputada-de-infraestructuras-viarias-sobre-el-impacto-del-peaje-en-la-deteriorada-situacion-del-sector\/"},"modified":"2017-10-19T00:00:00","modified_gmt":"2017-10-18T22:00:00","slug":"el-cntc-seguira-dialogando-con-la-diputada-de-infraestructuras-viarias-sobre-el-impacto-del-peaje-en-la-deteriorada-situacion-del-sector","status":"publish","type":"post","link":"https:\/\/www.guitrans.eus\/eu\/2017\/10\/19\/el-cntc-seguira-dialogando-con-la-diputada-de-infraestructuras-viarias-sobre-el-impacto-del-peaje-en-la-deteriorada-situacion-del-sector\/","title":{"rendered":"El CNTC seguir\u00e1 dialogando con la Diputada de Infraestructuras Viarias sobre el impacto del peaje en la deteriorada situaci\u00f3n del sector"},"content":{"rendered":"<p>En la reuni\u00f3n celebrada el pasado 29 de septiembre, los all\u00ed presentes, representantes del sector y de la entidad foral, acordaron establecer un calendario de reuniones. En la l\u00ednea expresada en dicha reuni\u00f3n, de mantener abiertos los cauces de negociaci\u00f3n, el Pleno del CNTC en la sesi\u00f3n celebrada este pasado mi\u00e9rcoles d\u00eda 18 acord\u00f3 ahondar en las posibilidades de un proceso de di\u00e1logo antes de iniciar otro tipo de actuaciones. Un mes despu\u00e9s de ese primer encuentro se volver\u00e1n a ver las caras tras ser convocados por la Diputada de Infraestructuras Viarias, Aintzane Oiarbide, quien ha establecido tres puntos para tratar ese d\u00eda: el Centro Integral del Transporte, la repercusi\u00f3n de grav\u00e1menes a empresas cargadoras y, por \u00faltimo, la recaudaci\u00f3n del impuesto de hidrocarburos.<\/p>\n","protected":false},"excerpt":{"rendered":"<p>En la reuni\u00f3n celebrada el pasado 29 de septiembre, los<a href=\"https:\/\/www.guitrans.eus\/eu\/2017\/10\/19\/el-cntc-seguira-dialogando-con-la-diputada-de-infraestructuras-viarias-sobre-el-impacto-del-peaje-en-la-deteriorada-situacion-del-sector\/\" rel=\"nofollow\">Seguir leyendo&#8230;<\/a><\/p>\n","protected":false},"author":1,"featured_media":0,"comment_status":"open","ping_status":"open","sticky":false,"template":"","format":"standard","meta":{"footnotes":""},"categories":[100],"tags":[],"class_list":["post-5760","post","type-post","status-publish","format-standard","hentry","category-azpiegiturak"],"_links":{"self":[{"href":"https:\/\/www.guitrans.eus\/eu\/wp-json\/wp\/v2\/posts\/5760","targetHints":{"allow":["GET"]}}],"collection":[{"href":"https:\/\/www.guitrans.eus\/eu\/wp-json\/wp\/v2\/posts"}],"about":[{"href":"https:\/\/www.guitrans.eus\/eu\/wp-json\/wp\/v2\/types\/post"}],"author":[{"embeddable":true,"href":"https:\/\/www.guitrans.eus\/eu\/wp-json\/wp\/v2\/users\/1"}],"replies":[{"embeddable":true,"href":"https:\/\/www.guitrans.eus\/eu\/wp-json\/wp\/v2\/comments?post=5760"}],"version-history":[{"count":0,"href":"https:\/\/www.guitrans.eus\/eu\/wp-json\/wp\/v2\/posts\/5760\/revisions"}],"wp:attachment":[{"href":"https:\/\/www.guitrans.eus\/eu\/wp-json\/wp\/v2\/media?parent=5760"}],"wp:term":[{"taxonomy":"category","embeddable":true,"href":"https:\/\/www.guitrans.eus\/eu\/wp-json\/wp\/v2\/categories?post=5760"},{"taxonomy":"post_tag","embeddable":true,"href":"https:\/\/www.guitrans.eus\/eu\/wp-json\/wp\/v2\/tags?post=5760"}],"curies":[{"name":"wp","href":"https:\/\/api.w.org\/{rel}","templated":true}]}}