{"id":5767,"date":"2017-10-23T00:00:00","date_gmt":"2017-10-22T22:00:00","guid":{"rendered":"https:\/\/guitrans.eus\/wp\/index.php\/2017\/10\/23\/45-euros-sera-a-partir-de-enero-de-2018-el-limite-de-gasto-interterritorial-que-pagaran-los-usuarios-de-las-autopistas-ap-8-y-ap-1\/"},"modified":"2017-10-23T00:00:00","modified_gmt":"2017-10-22T22:00:00","slug":"45-euros-sera-a-partir-de-enero-de-2018-el-limite-de-gasto-interterritorial-que-pagaran-los-usuarios-de-las-autopistas-ap-8-y-ap-1","status":"publish","type":"post","link":"https:\/\/www.guitrans.eus\/eu\/2017\/10\/23\/45-euros-sera-a-partir-de-enero-de-2018-el-limite-de-gasto-interterritorial-que-pagaran-los-usuarios-de-las-autopistas-ap-8-y-ap-1\/","title":{"rendered":"45 euros ser\u00e1 a partir de enero de 2018 el l\u00edmite de gasto interterritorial que pagar\u00e1n los usuarios de las autopistas AP-8 y AP-1"},"content":{"rendered":"<p>La Diputaci\u00f3n Foral de Gipuzkoa tambi\u00e9n incluir\u00e1 en ese l\u00edmite de gasto todos los tr\u00e1nsitos que los guipuzcoanos y guipuzcoanas realicen en la AP-1 hasta Gasteiz. En el caso de Gipuzkoa, el \u00fanico requisito necesario para disfrutar de ese l\u00edmite ser\u00e1 ser usuario de Abiatu y no se precisar\u00e1 darse de alta en ning\u00fan sistema. Por lo tanto, a partir del 1 de enero de 2018, el importe m\u00e1ximo que abonar\u00eda un usuario guipuzcoano que realice viajes a Bilbao o a Gasteiz ser\u00eda de 45 euros, adem\u00e1s de la tarifa territorial que hoy en d\u00eda es de 29,43 euros.\u00bfA qui\u00e9n va dirigido el dispositivo Abiatu?Requisitos: <\/p>\n<p>  Ser persona f\u00edsica usuaria habitual y<br \/>\npropietaria de un veh\u00edculo ligero que  no est\u00e9 afecto a actividad<br \/>\nprofesional, empresarial o econ\u00f3mica alguna.<br \/>\n  Estar empadronada en alg\u00fan municipio de Gipuzkoa y<br \/>\n al corriente de las obligaciones tributarias con la Hacienda Foral de<br \/>\nGipuzkoa.<br \/>\n  Poseer una cuenta corriente habilitada para el pago de los consumos realizados con abiatu<\/p>\n","protected":false},"excerpt":{"rendered":"<p>El acuerdo ha sido presentado hoy en peaje de Ermua de la AP-8 por los diputados generales de Gipuzkoa y Bizkaia, Markel Olano y Unai Rementer\u00eda, a los que se ha unido Aintzane Oiarbide, diputada de Infraestructuras Viarias de Gipuzkoa. Podr\u00e1n beneficiarse de esta tarifa plana, las personas guipuzcoanas y vizca\u00ednas y, en el caso de los guipuzcoanos, para poder acogerse a ella habr\u00e1 que estar adscrito al sistema Abiatu.<\/p>\n","protected":false},"author":1,"featured_media":0,"comment_status":"open","ping_status":"open","sticky":false,"template":"","format":"standard","meta":{"footnotes":""},"categories":[100],"tags":[],"class_list":["post-5767","post","type-post","status-publish","format-standard","hentry","category-azpiegiturak"],"_links":{"self":[{"href":"https:\/\/www.guitrans.eus\/eu\/wp-json\/wp\/v2\/posts\/5767","targetHints":{"allow":["GET"]}}],"collection":[{"href":"https:\/\/www.guitrans.eus\/eu\/wp-json\/wp\/v2\/posts"}],"about":[{"href":"https:\/\/www.guitrans.eus\/eu\/wp-json\/wp\/v2\/types\/post"}],"author":[{"embeddable":true,"href":"https:\/\/www.guitrans.eus\/eu\/wp-json\/wp\/v2\/users\/1"}],"replies":[{"embeddable":true,"href":"https:\/\/www.guitrans.eus\/eu\/wp-json\/wp\/v2\/comments?post=5767"}],"version-history":[{"count":0,"href":"https:\/\/www.guitrans.eus\/eu\/wp-json\/wp\/v2\/posts\/5767\/revisions"}],"wp:attachment":[{"href":"https:\/\/www.guitrans.eus\/eu\/wp-json\/wp\/v2\/media?parent=5767"}],"wp:term":[{"taxonomy":"category","embeddable":true,"href":"https:\/\/www.guitrans.eus\/eu\/wp-json\/wp\/v2\/categories?post=5767"},{"taxonomy":"post_tag","embeddable":true,"href":"https:\/\/www.guitrans.eus\/eu\/wp-json\/wp\/v2\/tags?post=5767"}],"curies":[{"name":"wp","href":"https:\/\/api.w.org\/{rel}","templated":true}]}}