{"id":5768,"date":"2018-05-14T00:00:00","date_gmt":"2018-05-13T22:00:00","guid":{"rendered":"https:\/\/guitrans.eus\/wp\/index.php\/2018\/05\/14\/nueva-regulacion-de-las-itv-en-vigor-a-partir-del-proximo-20-de-mayo\/"},"modified":"2018-05-14T00:00:00","modified_gmt":"2018-05-13T22:00:00","slug":"nueva-regulacion-de-las-itv-en-vigor-a-partir-del-proximo-20-de-mayo","status":"publish","type":"post","link":"https:\/\/www.guitrans.eus\/eu\/2018\/05\/14\/nueva-regulacion-de-las-itv-en-vigor-a-partir-del-proximo-20-de-mayo\/","title":{"rendered":"Nueva regulaci\u00f3n de las ITV, en vigor a partir del pr\u00f3ximo 20 de mayo"},"content":{"rendered":"<p>Entre las novedades incorporadas al Real Decreto se obliga por<br \/>\nprimera vez a las estaciones a disponer de herramientas de lectura de<br \/>\ndiagn\u00f3stico que se conectan con los ordenadores de a bordo de los<br \/>\nveh\u00edculos, un primer paso hacia la inspecci\u00f3n de los sistemas de<br \/>\nseguridad electr\u00f3nicos y la mejora del control de emisiones. Por otro,<br \/>\nse establece la obligatoriedad de acreditaci\u00f3n de las ITV como entidad<br \/>\nde inspecci\u00f3n atendiendo a la norma internacional UNE EN\/ISO 17020.<br \/>\nLa norma tambi\u00e9n actualiza los requisitos de cualificaci\u00f3n del<br \/>\npersonal e incorpora la formaci\u00f3n a distancia. Para los inspectores se<br \/>\nexige por primera vez la titulaci\u00f3n de T\u00e9cnico Superior de Automoci\u00f3n,<br \/>\ncomo nivel m\u00ednimo.<br \/>\nFacilidades para los usuarios <\/p>\n<p>  La norma facilita la libre elecci\u00f3n de estaci\u00f3n<br \/>\n ITV cuando el resultado sea desfavorable o negativo, mientras que hasta<br \/>\n ahora era obligatorio presentarse para la nueva inspecci\u00f3n en la misma<br \/>\nestaci\u00f3n. Tambi\u00e9n se clarifica el sistema por el que se establece la<br \/>\nfecha obligatoria para la pr\u00f3xima inspecci\u00f3n peri\u00f3dica: a partir de<br \/>\nahora, si el veh\u00edculo pasa la inspecci\u00f3n por adelantado no se modificar\u00e1<br \/>\n la fecha prevista para la siguiente, siempre que este adelanto no<br \/>\nsupere el mes.<br \/>\n  La adecuaci\u00f3n al marco legislativo europeo con esta transposici\u00f3n de<br \/>\ndos Directivas comunitarias permitir\u00e1 el reconocimiento del certificado<br \/>\nde la inspecci\u00f3n t\u00e9cnica peri\u00f3dica emitido por otros Estados miembros<br \/>\ncuando se produzca un cambio de titularidad de los veh\u00edculos, es decir,<br \/>\ncuando el usuario lo haya comprado en el extranjero y lo matricule en<br \/>\nEspa\u00f1a.<br \/>\n  Adem\u00e1s, se favorecer\u00e1 el intercambio de informaci\u00f3n electr\u00f3nica entre<br \/>\n estaciones y Administraci\u00f3n P\u00fablica para fomentar la mejor supervisi\u00f3n<br \/>\nde las actuaciones de la inspecci\u00f3n. <\/p>\n<p>Entrada en vigor: 20 de mayo de 2018.<br \/>\nEl Ministerio de Econom\u00eda, Industria y Competitividad y las comunidades<br \/>\naut\u00f3nomas elaborar\u00e1n en los pr\u00f3ximos meses un nuevo Manual de<br \/>\nProcedimiento de Inspecci\u00f3n de las estaciones de ITV acorde con la<br \/>\nnormativa europea.<\/p>\n","protected":false},"excerpt":{"rendered":"<p>El Real Decreto 920\/2017, publicado en el BOE el 8 de noviembre de 2017, flexibiliza algunos aspectos<br \/>\nde la normativa de la ITV en<br \/>\naplicaci\u00f3n de la normativa europea. A continuaci\u00f3n se resumen los principales cambios que contempla. Hay que decir que la periodicidad en la inspecci\u00f3n de los veh\u00edculos se mantiene, no hay cambio alguno.<\/p>\n","protected":false},"author":1,"featured_media":0,"comment_status":"open","ping_status":"open","sticky":false,"template":"","format":"standard","meta":{"footnotes":""},"categories":[26],"tags":[],"class_list":["post-5768","post","type-post","status-publish","format-standard","hentry","category-normativa"],"_links":{"self":[{"href":"https:\/\/www.guitrans.eus\/eu\/wp-json\/wp\/v2\/posts\/5768","targetHints":{"allow":["GET"]}}],"collection":[{"href":"https:\/\/www.guitrans.eus\/eu\/wp-json\/wp\/v2\/posts"}],"about":[{"href":"https:\/\/www.guitrans.eus\/eu\/wp-json\/wp\/v2\/types\/post"}],"author":[{"embeddable":true,"href":"https:\/\/www.guitrans.eus\/eu\/wp-json\/wp\/v2\/users\/1"}],"replies":[{"embeddable":true,"href":"https:\/\/www.guitrans.eus\/eu\/wp-json\/wp\/v2\/comments?post=5768"}],"version-history":[{"count":0,"href":"https:\/\/www.guitrans.eus\/eu\/wp-json\/wp\/v2\/posts\/5768\/revisions"}],"wp:attachment":[{"href":"https:\/\/www.guitrans.eus\/eu\/wp-json\/wp\/v2\/media?parent=5768"}],"wp:term":[{"taxonomy":"category","embeddable":true,"href":"https:\/\/www.guitrans.eus\/eu\/wp-json\/wp\/v2\/categories?post=5768"},{"taxonomy":"post_tag","embeddable":true,"href":"https:\/\/www.guitrans.eus\/eu\/wp-json\/wp\/v2\/tags?post=5768"}],"curies":[{"name":"wp","href":"https:\/\/api.w.org\/{rel}","templated":true}]}}