{"id":5839,"date":"2017-12-01T00:00:00","date_gmt":"2017-11-30T23:00:00","guid":{"rendered":"https:\/\/guitrans.eus\/wp\/index.php\/2017\/12\/01\/propuesta-de-movilizaciones-por-parte-del-cntc-contra-el-nuevo-peaje-para-camiones-postura-de-guitrans\/"},"modified":"2017-12-01T00:00:00","modified_gmt":"2017-11-30T23:00:00","slug":"propuesta-de-movilizaciones-por-parte-del-cntc-contra-el-nuevo-peaje-para-camiones-postura-de-guitrans","status":"publish","type":"post","link":"https:\/\/www.guitrans.eus\/eu\/2017\/12\/01\/propuesta-de-movilizaciones-por-parte-del-cntc-contra-el-nuevo-peaje-para-camiones-postura-de-guitrans\/","title":{"rendered":"Propuesta de movilizaciones por parte del CNTC contra el nuevo peaje para camiones: Postura de GUITRANS"},"content":{"rendered":"<p>&#8220;El Pleno del Departamento de Mercanc\u00edas del Comit\u00e9 Nacional del<br \/>\nTransporte por Carretera, en su reuni\u00f3n correspondiente al mes de<br \/>\nnoviembre, ha debatido la situaci\u00f3n creada para el transporte<br \/>\nprofesional en el territorio de Guip\u00fazcoa, con motivo de la inminente<br \/>\nentrada en vigor de la Norma Foral el pr\u00f3ximo uno de enero, por la que<br \/>\nse establece un peaje de utilizaci\u00f3n al transporte pesado, en<br \/>\ndeterminados tramos de la N-1 y la A-15 a su paso por el territorio de<br \/>\nesta provincia, habiendo alcanzado los siguientes acuerdos:1.- Este Comit\u00e9 tiene una postura reconocida contraria al incremento de<br \/>\nla fiscalidad en el transporte, sector que cubre sobradamente sus<br \/>\ngastos.2.- Reconocer las conversaciones mantenidas los \u00faltimos meses con la<br \/>\nDiputaci\u00f3n Foral de Guip\u00fazcoa para alcanzar una solucion de consenso,<br \/>\nsiendo voluntad de este Comit\u00e9 mantener abiertas las v\u00edas de di\u00e1logo.3.- Habi\u00e9ndose manifestado abiertamente la existencia de posturas<br \/>\nantag\u00f3nicas entre las partes, sin apreciarse en los representantes de la<br \/>\n Diputaci\u00f3n de Guip\u00fazcoa la m\u00e1s m\u00ednima intenci\u00f3n de rectificar su<br \/>\npostura inicial, a pesar de los argumentos de peso presentados, este<br \/>\nComit\u00e9 se ve en la obligaci\u00f3n de proponer a sus miembros la adoptaci\u00f3n<br \/>\nde movilizaciones en el territorio foral de Guip\u00fazcoa.4.- Estas movilizaciones tendr\u00e1n lugar la primera semana de enero y<br \/>\nafectar\u00e1n a todo el transporte nacional e internacional. La efectividad<br \/>\nde esta decisi\u00f3n, y el modo concreto de llevarla a la pr\u00e1ctica, queda<br \/>\npendiente de confirmaci\u00f3n por \u00f3rganos de gobierno de las organizaciones<br \/>\nque componen este Comit\u00e9. Todo lo cual, se comunicar\u00e1 a su debido<br \/>\ntiempo.&#8221;Posicionamiento de GUITRANSGUITRANS est\u00e1 integrada en FITRANS y a trav\u00e9s de la Federaci\u00f3n se ha debatido en el seno del Comit\u00e9 este tema que nos afecta sobremanera.<br \/>\nEvidentemente las posturas en el Comit\u00e9 Nacional de Transporte por<br \/>\nCarretera se consensuan, pero la Asociaci\u00f3n quiere poner el acento en las<br \/>\nconversaciones que se est\u00e1n manteniendo con la Diputaci\u00f3n Foral de<br \/>\nGipuzkoa, manteniendo abiertas las v\u00edas de di\u00e1logo, tal y como ha quedado claro en el comunicado emitido por el Comit\u00e9 en el que participa, para alcanzar una<br \/>\nsoluci\u00f3n de consenso. De momento, la efectividad de la decisi\u00f3n de hacer movilizaciones queda<br \/>\npendiente de que los \u00f3rganos de gobierno de las organizaciones que<br \/>\ncomponen el Comit\u00e9, en nuestro caso FITRANS, confirmen la adopci\u00f3n de<br \/>\nmedidas que quedar\u00e1n supeditadas a las negociaciones que se mantienen<br \/>\nabiertas.<\/p>\n","protected":false},"excerpt":{"rendered":"<p>A continuaci\u00f3n se reproduce textualmente el comunicado remitido desde el<br \/>\n Comit\u00e9 Nacional del Transporte tras la reuni\u00f3n del Pleno del<br \/>\nDepartamento de Mercanc\u00edas celebrada este pasado martes 28 de noviembre.&nbsp;<\/p>\n","protected":false},"author":1,"featured_media":0,"comment_status":"open","ping_status":"open","sticky":false,"template":"","format":"standard","meta":{"footnotes":""},"categories":[32],"tags":[],"class_list":["post-5839","post","type-post","status-publish","format-standard","hentry","category-quienes-somos"],"_links":{"self":[{"href":"https:\/\/www.guitrans.eus\/eu\/wp-json\/wp\/v2\/posts\/5839","targetHints":{"allow":["GET"]}}],"collection":[{"href":"https:\/\/www.guitrans.eus\/eu\/wp-json\/wp\/v2\/posts"}],"about":[{"href":"https:\/\/www.guitrans.eus\/eu\/wp-json\/wp\/v2\/types\/post"}],"author":[{"embeddable":true,"href":"https:\/\/www.guitrans.eus\/eu\/wp-json\/wp\/v2\/users\/1"}],"replies":[{"embeddable":true,"href":"https:\/\/www.guitrans.eus\/eu\/wp-json\/wp\/v2\/comments?post=5839"}],"version-history":[{"count":0,"href":"https:\/\/www.guitrans.eus\/eu\/wp-json\/wp\/v2\/posts\/5839\/revisions"}],"wp:attachment":[{"href":"https:\/\/www.guitrans.eus\/eu\/wp-json\/wp\/v2\/media?parent=5839"}],"wp:term":[{"taxonomy":"category","embeddable":true,"href":"https:\/\/www.guitrans.eus\/eu\/wp-json\/wp\/v2\/categories?post=5839"},{"taxonomy":"post_tag","embeddable":true,"href":"https:\/\/www.guitrans.eus\/eu\/wp-json\/wp\/v2\/tags?post=5839"}],"curies":[{"name":"wp","href":"https:\/\/api.w.org\/{rel}","templated":true}]}}