{"id":5843,"date":"2017-12-04T00:00:00","date_gmt":"2017-12-03T23:00:00","guid":{"rendered":"https:\/\/guitrans.eus\/wp\/index.php\/2017\/12\/04\/francia-prohibicion-de-circulacion-de-camiones-pesados-en-la-a48-y-la-a43\/"},"modified":"2017-12-04T00:00:00","modified_gmt":"2017-12-03T23:00:00","slug":"francia-prohibicion-de-circulacion-de-camiones-pesados-en-la-a48-y-la-a43","status":"publish","type":"post","link":"https:\/\/www.guitrans.eus\/eu\/2017\/12\/04\/francia-prohibicion-de-circulacion-de-camiones-pesados-en-la-a48-y-la-a43\/","title":{"rendered":"Francia: Prohibici\u00f3n de circulaci\u00f3n de camiones pesados en la A48 y la A43"},"content":{"rendered":"<p>Autopista&nbsp; <\/p>\n<p>  A48 entre Voreppe y Coiranne en los dos sentidos<br \/>\n  A43 entre St Quentin Fallavier y Les Abrets \u00fanicamente en direcci\u00f3n LYON-CHAMBERY<br \/>\n  A51 entre Varces y le Col du Fau<br \/>\nCarreteras nacionales<\/p>\n<p>  RN85 en la Rampe de Laffrey<br \/>\nCarreteras departamentales<\/p>\n<p>  RD529 entre Jarrie y La Mure<br \/>\n  RD1075 entre Vif y Le Col de la Croix-Haute<br \/>\n  RD1085 en Le Col du Banchet<br \/>\n  RD1085 en La descente de Rives,<\/p>\n","protected":false},"excerpt":{"rendered":"<p>Seg\u00fan nos informa VATSERVICES, la Prefectura de Is\u00e8re ha publicado una prohibici\u00f3n de circulaci\u00f3n INDETERMINADA a los camiones de m\u00e1s de 7,5 TN en las siguientes carreteras:<\/p>\n","protected":false},"author":1,"featured_media":0,"comment_status":"open","ping_status":"open","sticky":false,"template":"","format":"standard","meta":{"footnotes":""},"categories":[12],"tags":[],"class_list":["post-5843","post","type-post","status-publish","format-standard","hentry","category-europa"],"_links":{"self":[{"href":"https:\/\/www.guitrans.eus\/eu\/wp-json\/wp\/v2\/posts\/5843","targetHints":{"allow":["GET"]}}],"collection":[{"href":"https:\/\/www.guitrans.eus\/eu\/wp-json\/wp\/v2\/posts"}],"about":[{"href":"https:\/\/www.guitrans.eus\/eu\/wp-json\/wp\/v2\/types\/post"}],"author":[{"embeddable":true,"href":"https:\/\/www.guitrans.eus\/eu\/wp-json\/wp\/v2\/users\/1"}],"replies":[{"embeddable":true,"href":"https:\/\/www.guitrans.eus\/eu\/wp-json\/wp\/v2\/comments?post=5843"}],"version-history":[{"count":0,"href":"https:\/\/www.guitrans.eus\/eu\/wp-json\/wp\/v2\/posts\/5843\/revisions"}],"wp:attachment":[{"href":"https:\/\/www.guitrans.eus\/eu\/wp-json\/wp\/v2\/media?parent=5843"}],"wp:term":[{"taxonomy":"category","embeddable":true,"href":"https:\/\/www.guitrans.eus\/eu\/wp-json\/wp\/v2\/categories?post=5843"},{"taxonomy":"post_tag","embeddable":true,"href":"https:\/\/www.guitrans.eus\/eu\/wp-json\/wp\/v2\/tags?post=5843"}],"curies":[{"name":"wp","href":"https:\/\/api.w.org\/{rel}","templated":true}]}}