{"id":5851,"date":"2017-12-13T00:00:00","date_gmt":"2017-12-12T23:00:00","guid":{"rendered":"https:\/\/guitrans.eus\/wp\/index.php\/2017\/12\/13\/navarra-deja-la-puerta-abierta-a-poner-un-peaje-en-la-n-121-a\/"},"modified":"2017-12-13T00:00:00","modified_gmt":"2017-12-12T23:00:00","slug":"navarra-deja-la-puerta-abierta-a-poner-un-peaje-en-la-n-121-a","status":"publish","type":"post","link":"https:\/\/www.guitrans.eus\/eu\/2017\/12\/13\/navarra-deja-la-puerta-abierta-a-poner-un-peaje-en-la-n-121-a\/","title":{"rendered":"Navarra deja la puerta abierta a poner un peaje en la N-121-A"},"content":{"rendered":"<p>La puesta en marcha por parte de la Diputaci\u00f3n de Gipuzkoa de un peaje<br \/>\npara el transporte pesado en Etzegarate centra en la N-121-A las<br \/>\nposibilidades de que el Gobierno foral considere \u00e9sta como un<br \/>\nemplazamiento ideal para implantar un sistema de pago.Los presupuestos del a\u00f1o pr\u00f3ximo incluir\u00e1n una partida con la que se<br \/>\nfinanciar\u00e1 un estudio que analice &#8220;todas las posibilidades&#8221; de conseguir<br \/>\n ingresos extra para el mantenimiento de las carreteras de Navarra,<br \/>\nincluidos los peajes.Seg\u00fan se ha&nbsp; recogido en varios medios de prensa, Ayerdi se ha comprometido a que el 31 de marzo ya est\u00e9 la licitaci\u00f3n publicada<br \/>\n en el bolet\u00edn. &#8220;Ese estudio se debe hacer en profundidad y<br \/>\ndebe contribuir a avanzar en este debate, que es imprescindible por<br \/>\nmucho que sea inc\u00f3modo, que nos d\u00e9 pereza abordarlo o que resulte<br \/>\nfastidioso, porque todo lo que sea generar ingresos sabemos lo que<br \/>\nincomoda. Pero es un debate en el que ninguna fuerza pol\u00edtica puede<br \/>\nmirar para otro lado, ni los que estamos gobernando ni los que est\u00e1n en<br \/>\nla oposici\u00f3n, sea el que sea cuando toque&#8221;, ha advertido al resto de las<br \/>\n formaciones pol\u00edticas del Parlamento foral. El estudio, ha a\u00f1adido, &#8220;es<br \/>\n la actuaci\u00f3n m\u00e1s importante que vamos a hacer en 2018, un debate<br \/>\nimprescindible y, para m\u00ed, es lo m\u00e1s relevante&#8221;.<\/p>\n","protected":false},"excerpt":{"rendered":"<p>El Vicepresidente de Desarrollo Econ\u00f3mico del Gobierno de Navarra, Manu Ayerdi, afirm\u00f3 ayer que su gobierno estudiar\u00e1 el pr\u00f3ximo a\u00f1o &#8220;todas las posibilidades de generaci\u00f3n de recursos&#8221; para el mantenimiento de la red viaria foral, incluida la implantaci\u00f3n de peajes en carreteras que ahora son de libre uso.<\/p>\n","protected":false},"author":1,"featured_media":0,"comment_status":"open","ping_status":"open","sticky":false,"template":"","format":"standard","meta":{"footnotes":""},"categories":[100],"tags":[],"class_list":["post-5851","post","type-post","status-publish","format-standard","hentry","category-azpiegiturak"],"_links":{"self":[{"href":"https:\/\/www.guitrans.eus\/eu\/wp-json\/wp\/v2\/posts\/5851","targetHints":{"allow":["GET"]}}],"collection":[{"href":"https:\/\/www.guitrans.eus\/eu\/wp-json\/wp\/v2\/posts"}],"about":[{"href":"https:\/\/www.guitrans.eus\/eu\/wp-json\/wp\/v2\/types\/post"}],"author":[{"embeddable":true,"href":"https:\/\/www.guitrans.eus\/eu\/wp-json\/wp\/v2\/users\/1"}],"replies":[{"embeddable":true,"href":"https:\/\/www.guitrans.eus\/eu\/wp-json\/wp\/v2\/comments?post=5851"}],"version-history":[{"count":0,"href":"https:\/\/www.guitrans.eus\/eu\/wp-json\/wp\/v2\/posts\/5851\/revisions"}],"wp:attachment":[{"href":"https:\/\/www.guitrans.eus\/eu\/wp-json\/wp\/v2\/media?parent=5851"}],"wp:term":[{"taxonomy":"category","embeddable":true,"href":"https:\/\/www.guitrans.eus\/eu\/wp-json\/wp\/v2\/categories?post=5851"},{"taxonomy":"post_tag","embeddable":true,"href":"https:\/\/www.guitrans.eus\/eu\/wp-json\/wp\/v2\/tags?post=5851"}],"curies":[{"name":"wp","href":"https:\/\/api.w.org\/{rel}","templated":true}]}}