{"id":5932,"date":"2018-03-06T00:00:00","date_gmt":"2018-03-05T23:00:00","guid":{"rendered":"https:\/\/guitrans.eus\/wp\/index.php\/2018\/03\/06\/la-revista-bidean-editada-por-fundacion-guitrans-fundazioa-alcanza-su-numero-200\/"},"modified":"2018-03-06T00:00:00","modified_gmt":"2018-03-05T23:00:00","slug":"la-revista-bidean-editada-por-fundacion-guitrans-fundazioa-alcanza-su-numero-200","status":"publish","type":"post","link":"https:\/\/www.guitrans.eus\/eu\/2018\/03\/06\/la-revista-bidean-editada-por-fundacion-guitrans-fundazioa-alcanza-su-numero-200\/","title":{"rendered":"La revista Bidean, editada por Fundaci\u00f3n GUITRANS Fundazioa, alcanza su n\u00famero 200"},"content":{"rendered":"<p>En estas dos im\u00e1genes se puede ver<br \/>\n la evoluci\u00f3n que ha sufrido la portada de la revista, el ayer y el hoy<br \/>\nde nuestra revista que naci\u00f3 hace 19 a\u00f1os para ser la herramienta de<br \/>\ncomunicaci\u00f3n del asociado, y que hoy sigue vigente al ampliar el<br \/>\ncolectivo de destinatarios tras el arranque de Fundaci\u00f3n GUITRANS<br \/>\nFundazioa.Betiko&#8230;Bidean, en el camino.<\/p>\n","protected":false},"excerpt":{"rendered":"<p>Mucho ha llovido desde aquel mes de octubre de 1998 cuando GUITRANS<br \/>\nedit\u00f3 el primer n\u00famero de su revista.<\/p>\n","protected":false},"author":1,"featured_media":0,"comment_status":"open","ping_status":"open","sticky":false,"template":"","format":"standard","meta":{"footnotes":""},"categories":[89],"tags":[],"class_list":["post-5932","post","type-post","status-publish","format-standard","hentry","category-nor-gara-gu"],"_links":{"self":[{"href":"https:\/\/www.guitrans.eus\/eu\/wp-json\/wp\/v2\/posts\/5932","targetHints":{"allow":["GET"]}}],"collection":[{"href":"https:\/\/www.guitrans.eus\/eu\/wp-json\/wp\/v2\/posts"}],"about":[{"href":"https:\/\/www.guitrans.eus\/eu\/wp-json\/wp\/v2\/types\/post"}],"author":[{"embeddable":true,"href":"https:\/\/www.guitrans.eus\/eu\/wp-json\/wp\/v2\/users\/1"}],"replies":[{"embeddable":true,"href":"https:\/\/www.guitrans.eus\/eu\/wp-json\/wp\/v2\/comments?post=5932"}],"version-history":[{"count":0,"href":"https:\/\/www.guitrans.eus\/eu\/wp-json\/wp\/v2\/posts\/5932\/revisions"}],"wp:attachment":[{"href":"https:\/\/www.guitrans.eus\/eu\/wp-json\/wp\/v2\/media?parent=5932"}],"wp:term":[{"taxonomy":"category","embeddable":true,"href":"https:\/\/www.guitrans.eus\/eu\/wp-json\/wp\/v2\/categories?post=5932"},{"taxonomy":"post_tag","embeddable":true,"href":"https:\/\/www.guitrans.eus\/eu\/wp-json\/wp\/v2\/tags?post=5932"}],"curies":[{"name":"wp","href":"https:\/\/api.w.org\/{rel}","templated":true}]}}