{"id":5934,"date":"2018-03-07T00:00:00","date_gmt":"2018-03-06T23:00:00","guid":{"rendered":"https:\/\/guitrans.eus\/wp\/index.php\/2018\/03\/07\/una-nueva-orden-obliga-a-todos-los-autonomos-a-incorporarse-al-sistema-red\/"},"modified":"2018-03-07T00:00:00","modified_gmt":"2018-03-06T23:00:00","slug":"una-nueva-orden-obliga-a-todos-los-autonomos-a-incorporarse-al-sistema-red","status":"publish","type":"post","link":"https:\/\/www.guitrans.eus\/eu\/2018\/03\/07\/una-nueva-orden-obliga-a-todos-los-autonomos-a-incorporarse-al-sistema-red\/","title":{"rendered":"Una nueva orden obliga a todos los aut\u00f3nomos a incorporarse al Sistema RED"},"content":{"rendered":"<p>En la disposici\u00f3n transitaria primera de la Orden publicada se fija un plazo de 6 meses para que los trabajadores aut\u00f3nomos que el 1 de abril de 2018 figuren en alta en el r\u00e9gimen correspondiente y no est\u00e9n incorporados al Sistema RED procedan a hacerlo en cualquiera de las formas previstas al efecto. Esa incorporaci\u00f3n determinar\u00e1, asimismo, la inclusi\u00f3n obligatoria de esos trabajadores en el sistema de notificaci\u00f3n electr\u00f3nica mediante su comparecencia en la sede electr\u00f3nica de la Secretar\u00eda de Estado de la Seguridad Social.<\/p>\n","protected":false},"excerpt":{"rendered":"<p>Todos los trabajadores aut\u00f3nomos que el pr\u00f3ximo 1 de abril figuren en alta tendr\u00e1n 6 meses para incorporarse al Sistema RED. As\u00ed queda establecido en la Orden ESS\/214\/2018, de 1 de marzo, por la que se modifica la Orden ESS\/484\/2013, de 26 de marzo, por la que se regula el Sistema de remisi\u00f3n electr\u00f3nica de datos en el \u00e1mbito de la Seguridad Social, publicada en el BOE de 6 de marzo de 2018.<\/p>\n","protected":false},"author":1,"featured_media":0,"comment_status":"open","ping_status":"open","sticky":false,"template":"","format":"standard","meta":{"footnotes":""},"categories":[88],"tags":[],"class_list":["post-5934","post","type-post","status-publish","format-standard","hentry","category-araudia"],"_links":{"self":[{"href":"https:\/\/www.guitrans.eus\/eu\/wp-json\/wp\/v2\/posts\/5934","targetHints":{"allow":["GET"]}}],"collection":[{"href":"https:\/\/www.guitrans.eus\/eu\/wp-json\/wp\/v2\/posts"}],"about":[{"href":"https:\/\/www.guitrans.eus\/eu\/wp-json\/wp\/v2\/types\/post"}],"author":[{"embeddable":true,"href":"https:\/\/www.guitrans.eus\/eu\/wp-json\/wp\/v2\/users\/1"}],"replies":[{"embeddable":true,"href":"https:\/\/www.guitrans.eus\/eu\/wp-json\/wp\/v2\/comments?post=5934"}],"version-history":[{"count":0,"href":"https:\/\/www.guitrans.eus\/eu\/wp-json\/wp\/v2\/posts\/5934\/revisions"}],"wp:attachment":[{"href":"https:\/\/www.guitrans.eus\/eu\/wp-json\/wp\/v2\/media?parent=5934"}],"wp:term":[{"taxonomy":"category","embeddable":true,"href":"https:\/\/www.guitrans.eus\/eu\/wp-json\/wp\/v2\/categories?post=5934"},{"taxonomy":"post_tag","embeddable":true,"href":"https:\/\/www.guitrans.eus\/eu\/wp-json\/wp\/v2\/tags?post=5934"}],"curies":[{"name":"wp","href":"https:\/\/api.w.org\/{rel}","templated":true}]}}