{"id":5949,"date":"2018-03-26T00:00:00","date_gmt":"2018-03-25T22:00:00","guid":{"rendered":"https:\/\/guitrans.eus\/wp\/index.php\/2018\/03\/26\/video-sobre-buenas-practicas-en-el-transporte-de-caballos\/"},"modified":"2018-03-26T00:00:00","modified_gmt":"2018-03-25T22:00:00","slug":"video-sobre-buenas-practicas-en-el-transporte-de-caballos","status":"publish","type":"post","link":"https:\/\/www.guitrans.eus\/eu\/2018\/03\/26\/video-sobre-buenas-practicas-en-el-transporte-de-caballos\/","title":{"rendered":"V\u00eddeo sobre buenas pr\u00e1cticas en el transporte de caballos"},"content":{"rendered":"<p>El v\u00eddeo ofrece en ilustraciones pr\u00e1cticas c\u00f3mo abordar los aspectos m\u00e1s<br \/>\ncr\u00edticos del transporte de caballos como la carga y descarga, el<br \/>\nacondicionamiento f\u00edsico, la alimentaci\u00f3n y el riego, y el transporte a<br \/>\ntemperaturas altas o bajas. Este video<br \/>\ncomplementa las hojas de Gu\u00edas y Datos, que en conjunto constituyen una<br \/>\nvaliosa fuente de informaci\u00f3n para todos los involucrados en el<br \/>\ntransporte de ganado.Este v\u00eddeo proporciona consejos pr\u00e1cticos para garantizar que los<br \/>\ncaballos transportados permanezcan en buen estado de bienestar y est\u00e1<br \/>\ndisponible con subt\u00edtulos traducidos en 8 idioma. Este video ha sido<br \/>\nproducido en el marco de un proyecto europeo dedicado financiado por la<br \/>\nComisi\u00f3n Europea. Coordinado por un conjunto de institutos de<br \/>\ninvestigaci\u00f3n de 10 pa\u00edses y organizaciones interesadas, incluye<br \/>\naportaciones de los grupos interesados de la agricultura, veterinaria,<br \/>\ntransporte por carretera y bienestar animal de la UE.V\u00eddeo.<\/p>\n","protected":false},"excerpt":{"rendered":"<p>&nbsp;<\/p>\n","protected":false},"author":1,"featured_media":0,"comment_status":"open","ping_status":"open","sticky":false,"template":"","format":"standard","meta":{"footnotes":""},"categories":[89],"tags":[],"class_list":["post-5949","post","type-post","status-publish","format-standard","hentry","category-nor-gara-gu"],"_links":{"self":[{"href":"https:\/\/www.guitrans.eus\/eu\/wp-json\/wp\/v2\/posts\/5949","targetHints":{"allow":["GET"]}}],"collection":[{"href":"https:\/\/www.guitrans.eus\/eu\/wp-json\/wp\/v2\/posts"}],"about":[{"href":"https:\/\/www.guitrans.eus\/eu\/wp-json\/wp\/v2\/types\/post"}],"author":[{"embeddable":true,"href":"https:\/\/www.guitrans.eus\/eu\/wp-json\/wp\/v2\/users\/1"}],"replies":[{"embeddable":true,"href":"https:\/\/www.guitrans.eus\/eu\/wp-json\/wp\/v2\/comments?post=5949"}],"version-history":[{"count":0,"href":"https:\/\/www.guitrans.eus\/eu\/wp-json\/wp\/v2\/posts\/5949\/revisions"}],"wp:attachment":[{"href":"https:\/\/www.guitrans.eus\/eu\/wp-json\/wp\/v2\/media?parent=5949"}],"wp:term":[{"taxonomy":"category","embeddable":true,"href":"https:\/\/www.guitrans.eus\/eu\/wp-json\/wp\/v2\/categories?post=5949"},{"taxonomy":"post_tag","embeddable":true,"href":"https:\/\/www.guitrans.eus\/eu\/wp-json\/wp\/v2\/tags?post=5949"}],"curies":[{"name":"wp","href":"https:\/\/api.w.org\/{rel}","templated":true}]}}