{"id":5962,"date":"2018-04-09T00:00:00","date_gmt":"2018-04-08T22:00:00","guid":{"rendered":"https:\/\/guitrans.eus\/wp\/index.php\/2018\/04\/09\/revision-del-plan-especial-de-ordenacion-de-la-zona-de-servicio-del-puerto-de-pasaia\/"},"modified":"2018-04-09T00:00:00","modified_gmt":"2018-04-08T22:00:00","slug":"revision-del-plan-especial-de-ordenacion-de-la-zona-de-servicio-del-puerto-de-pasaia","status":"publish","type":"post","link":"https:\/\/www.guitrans.eus\/eu\/2018\/04\/09\/revision-del-plan-especial-de-ordenacion-de-la-zona-de-servicio-del-puerto-de-pasaia\/","title":{"rendered":"Revisi\u00f3n del Plan Especial de Ordenaci\u00f3n de la zona de servicio del Puerto de Pasaia"},"content":{"rendered":"<p>Esta revisi\u00f3n en consonancia con el Plan Territorial Parcial (PTP) plantea el desv\u00edo del tr\u00e1fico pesado de las carreteras m\u00e1s urbanas con incorporaciones r\u00e1pidas y directas con las redes interurbanas de transporte como son la A-15, N-I y AP-8. Se fija potenciar la salida del tr\u00e1fico pesado viario del puerto por el Este, es decir por Lezo, ampliando la secci\u00f3n de la autov\u00eda la GI-636 en la zona de Renter\u00eda.<\/p>\n","protected":false},"excerpt":{"rendered":"<p>Se public\u00f3 en el BOG de 6 de abril esta revisi\u00f3n que recoge adem\u00e1s la evaluaci\u00f3n ambiental, relativa a la integraci\u00f3n de los aspectos ambientales en el plan y la normativa urban\u00edstica.<\/p>\n","protected":false},"author":1,"featured_media":0,"comment_status":"open","ping_status":"open","sticky":false,"template":"","format":"standard","meta":{"footnotes":""},"categories":[100],"tags":[],"class_list":["post-5962","post","type-post","status-publish","format-standard","hentry","category-azpiegiturak"],"_links":{"self":[{"href":"https:\/\/www.guitrans.eus\/eu\/wp-json\/wp\/v2\/posts\/5962","targetHints":{"allow":["GET"]}}],"collection":[{"href":"https:\/\/www.guitrans.eus\/eu\/wp-json\/wp\/v2\/posts"}],"about":[{"href":"https:\/\/www.guitrans.eus\/eu\/wp-json\/wp\/v2\/types\/post"}],"author":[{"embeddable":true,"href":"https:\/\/www.guitrans.eus\/eu\/wp-json\/wp\/v2\/users\/1"}],"replies":[{"embeddable":true,"href":"https:\/\/www.guitrans.eus\/eu\/wp-json\/wp\/v2\/comments?post=5962"}],"version-history":[{"count":0,"href":"https:\/\/www.guitrans.eus\/eu\/wp-json\/wp\/v2\/posts\/5962\/revisions"}],"wp:attachment":[{"href":"https:\/\/www.guitrans.eus\/eu\/wp-json\/wp\/v2\/media?parent=5962"}],"wp:term":[{"taxonomy":"category","embeddable":true,"href":"https:\/\/www.guitrans.eus\/eu\/wp-json\/wp\/v2\/categories?post=5962"},{"taxonomy":"post_tag","embeddable":true,"href":"https:\/\/www.guitrans.eus\/eu\/wp-json\/wp\/v2\/tags?post=5962"}],"curies":[{"name":"wp","href":"https:\/\/api.w.org\/{rel}","templated":true}]}}