{"id":5979,"date":"2018-04-20T00:00:00","date_gmt":"2018-04-19T22:00:00","guid":{"rendered":"https:\/\/guitrans.eus\/wp\/index.php\/2018\/04\/20\/el-gobierno-de-navarra-abrira-un-nuevo-acceso-gratuito-direccion-sur-en-el-enlace-de-tudela-de-la-ap-15\/"},"modified":"2018-04-20T00:00:00","modified_gmt":"2018-04-19T22:00:00","slug":"el-gobierno-de-navarra-abrira-un-nuevo-acceso-gratuito-direccion-sur-en-el-enlace-de-tudela-de-la-ap-15","status":"publish","type":"post","link":"https:\/\/www.guitrans.eus\/eu\/2018\/04\/20\/el-gobierno-de-navarra-abrira-un-nuevo-acceso-gratuito-direccion-sur-en-el-enlace-de-tudela-de-la-ap-15\/","title":{"rendered":"El Gobierno de Navarra abrir\u00e1 un nuevo acceso gratuito direcci\u00f3n sur en el enlace de Tudela de la AP-15"},"content":{"rendered":"<p>Desde finales del pasado a\u00f1o, los alcaldes de la zona afectada hab\u00edan mostrado su preocupaci\u00f3n por la situaci\u00f3n generada por el aumento de tr\u00e1fico, especialmente de veh\u00edculos pesados, que se estaba produciendo en la carretera N-121-C que une Tudela con la localidad aragonesa de Tarazona tras entrar en vigor a principios de diciembre la restricci\u00f3n a la circulaci\u00f3n de camiones de 4 o m\u00e1s ejes por el tramo riojano de la N-232. La AP-68, que discurre paralela a la citada carretera a lo largo de 150 kil\u00f3metros, es la alternativa de paso para estos veh\u00edculos entre Tudela y Zambrana (Alava).Este desv\u00edo obligatorio de camiones fue consensuado entre el Ministerio de Fomento y el Gobierno de La Rioja con el fin de garantizar la seguridad vial y minimizar el registro de accidentes en la N-232 a su paso por la comunidad vecina. Se firm\u00f3 un convenio con la Autopista Vasco- Aragonesa que inclu\u00eda descuentos en las tarifas de la AP68. Tal Convenio, entre la Administraci\u00f3n General del Estado, el Gobierno de La Rioja y la sociedad Autopista Vasco Aragonesa, se sustanci\u00f3 mediante el Real Decreto 1023\/2017, de 1 de diciembre.Para solventar o al menos mitigar el considerable e inasumible aumento en la densidad del tr\u00e1fico en la N121C, el Gobierno de Navarra acuerda con Audenasa la apertura del ramal que permite el acceso en sentido sur a la autopista AP15 desde la autov\u00eda A68, para su enlace con la autopista AP68, para aquellos veh\u00edculos que transitan en sentido La Rioja. Esta medida se combina con la prohibici\u00f3n de circulaci\u00f3n del tr\u00e1fico pesado de largo recorrido por la carretera N-121C en direcci\u00f3n sur desde la salida de Tudela de la A68 hasta la incorporaci\u00f3n a la AP68 en su enlace de Tudela.De esta forma, el tr\u00e1fico pesado que hoy en d\u00eda circula por esta v\u00eda en direcci\u00f3n sur para incorporarse a la AP-68 en el enlace de Tudela, deber\u00e1 circular por la A-68 hasta incorporarse a la AP-15 a trav\u00e9s del nuevo acceso que va a habilitarse y desde aqu\u00ed, tras un tr\u00e1nsito de cuatro kil\u00f3metros por la AP-15, tomar la AP-68 en direcci\u00f3n Logro\u00f1o.<\/p>\n","protected":false},"excerpt":{"rendered":"<p>La medida mitigar\u00e1 la congesti\u00f3n de tr\u00e1fico pesado generada en la N121C entre la A-68 y la AP-68. Se estima que el plazo para la entrada en vigor simult\u00e1nea de estas dos medidas ser\u00e1 finales de mayo.<\/p>\n","protected":false},"author":1,"featured_media":0,"comment_status":"open","ping_status":"open","sticky":false,"template":"","format":"standard","meta":{"footnotes":""},"categories":[36],"tags":[],"class_list":["post-5979","post","type-post","status-publish","format-standard","hentry","category-trafico-seguridad-vial"],"_links":{"self":[{"href":"https:\/\/www.guitrans.eus\/eu\/wp-json\/wp\/v2\/posts\/5979","targetHints":{"allow":["GET"]}}],"collection":[{"href":"https:\/\/www.guitrans.eus\/eu\/wp-json\/wp\/v2\/posts"}],"about":[{"href":"https:\/\/www.guitrans.eus\/eu\/wp-json\/wp\/v2\/types\/post"}],"author":[{"embeddable":true,"href":"https:\/\/www.guitrans.eus\/eu\/wp-json\/wp\/v2\/users\/1"}],"replies":[{"embeddable":true,"href":"https:\/\/www.guitrans.eus\/eu\/wp-json\/wp\/v2\/comments?post=5979"}],"version-history":[{"count":0,"href":"https:\/\/www.guitrans.eus\/eu\/wp-json\/wp\/v2\/posts\/5979\/revisions"}],"wp:attachment":[{"href":"https:\/\/www.guitrans.eus\/eu\/wp-json\/wp\/v2\/media?parent=5979"}],"wp:term":[{"taxonomy":"category","embeddable":true,"href":"https:\/\/www.guitrans.eus\/eu\/wp-json\/wp\/v2\/categories?post=5979"},{"taxonomy":"post_tag","embeddable":true,"href":"https:\/\/www.guitrans.eus\/eu\/wp-json\/wp\/v2\/tags?post=5979"}],"curies":[{"name":"wp","href":"https:\/\/api.w.org\/{rel}","templated":true}]}}