{"id":6001,"date":"2018-05-15T00:00:00","date_gmt":"2018-05-14T22:00:00","guid":{"rendered":"https:\/\/guitrans.eus\/wp\/index.php\/2018\/05\/15\/cursos-de-formacion-en-estiba-de-cargas\/"},"modified":"2018-05-15T00:00:00","modified_gmt":"2018-05-14T22:00:00","slug":"cursos-de-formacion-en-estiba-de-cargas","status":"publish","type":"post","link":"https:\/\/www.guitrans.eus\/eu\/2018\/05\/15\/cursos-de-formacion-en-estiba-de-cargas\/","title":{"rendered":"Cursos de formaci\u00f3n en estiba de cargas"},"content":{"rendered":"<p>Los asistentes podr\u00e1n valorar el n\u00famero<br \/>\nnecesario de medidas necesarias para la sujetar la carga y las fuerzas<br \/>\nde tensi\u00f3n,  calcular de la eficiencia de la sujeci\u00f3n y verificar los<br \/>\ncertificados en su caso.Se han dise\u00f1ado 2 modalidades de curso:  <\/p>\n<p>    Cursos on line: de 35 horas (el B\u00e1sico y dirigido a conductores, carretilleros y operarios de almac\u00e9n) y 100 horas (el Avanzado y dirigido a Responsables de Log\u00edstica, de Almac\u00e9n y Jefes de Tr\u00e1fico).<br \/>\n    Cursos presenciales: de 5 y 8 horas. <\/p>\n<p>  (Las empresas pueden bonificar la formaci\u00f3n de los trabajadores asalariados cursillistas a trav\u00e9s de la cuota de formaci\u00f3n). <\/p>\n<p>  Si est\u00e1 interesado en ampliar informaci\u00f3n sobre las condiciones del acuerdo (precios, temario&#8230;) y sobre hipot\u00e9ticas de fechas de impartici\u00f3n de los mismos, puede ponerse en contacto con V\u00edctor Gonz\u00e1lez, Responsable de Formaci\u00f3n de Fundaci\u00f3n GUITRANS Fundazioa, 943-316707, ext. 2.<\/p>\n","protected":false},"excerpt":{"rendered":"<p>Fundaci\u00f3n GUITRANS Fundazioa ha cerrado un acuerdo de colaboraci\u00f3n con<br \/>\nSpanset para la impartici\u00f3n de cursos sobre la nueva normativa en<br \/>\nmateria de inspecciones t\u00e9cnicas en carretera en relaci\u00f3n con la estiba, y<br \/>\ncuyo objetivo es adquirir las competencias necesarias para evaluar de<br \/>\nforma correcta la sujeci\u00f3n de las mercanc\u00edas de los veh\u00edculos de<br \/>\ntransporte seg\u00fan el RD 563\/2017 que regular\u00e1 estas inspecciones t\u00e9cnicas a<br \/>\n partir del 20 mayo.<\/p>\n","protected":false},"author":1,"featured_media":0,"comment_status":"open","ping_status":"open","sticky":false,"template":"","format":"standard","meta":{"footnotes":""},"categories":[32],"tags":[],"class_list":["post-6001","post","type-post","status-publish","format-standard","hentry","category-quienes-somos"],"_links":{"self":[{"href":"https:\/\/www.guitrans.eus\/eu\/wp-json\/wp\/v2\/posts\/6001","targetHints":{"allow":["GET"]}}],"collection":[{"href":"https:\/\/www.guitrans.eus\/eu\/wp-json\/wp\/v2\/posts"}],"about":[{"href":"https:\/\/www.guitrans.eus\/eu\/wp-json\/wp\/v2\/types\/post"}],"author":[{"embeddable":true,"href":"https:\/\/www.guitrans.eus\/eu\/wp-json\/wp\/v2\/users\/1"}],"replies":[{"embeddable":true,"href":"https:\/\/www.guitrans.eus\/eu\/wp-json\/wp\/v2\/comments?post=6001"}],"version-history":[{"count":0,"href":"https:\/\/www.guitrans.eus\/eu\/wp-json\/wp\/v2\/posts\/6001\/revisions"}],"wp:attachment":[{"href":"https:\/\/www.guitrans.eus\/eu\/wp-json\/wp\/v2\/media?parent=6001"}],"wp:term":[{"taxonomy":"category","embeddable":true,"href":"https:\/\/www.guitrans.eus\/eu\/wp-json\/wp\/v2\/categories?post=6001"},{"taxonomy":"post_tag","embeddable":true,"href":"https:\/\/www.guitrans.eus\/eu\/wp-json\/wp\/v2\/tags?post=6001"}],"curies":[{"name":"wp","href":"https:\/\/api.w.org\/{rel}","templated":true}]}}