{"id":6010,"date":"2018-05-22T00:00:00","date_gmt":"2018-05-21T22:00:00","guid":{"rendered":"https:\/\/guitrans.eus\/wp\/index.php\/2018\/05\/22\/examenes-competencia-profesional-en-la-cav-ano-2018\/"},"modified":"2018-05-22T00:00:00","modified_gmt":"2018-05-21T22:00:00","slug":"examenes-competencia-profesional-en-la-cav-ano-2018","status":"publish","type":"post","link":"https:\/\/www.guitrans.eus\/eu\/2018\/05\/22\/examenes-competencia-profesional-en-la-cav-ano-2018\/","title":{"rendered":"Ex\u00e1menes Competencia Profesional en la CAV a\u00f1o 2018"},"content":{"rendered":"<p>Seg\u00fan la informaci\u00f3n facilitada por el \u00c1rea de Transportes del Departamento de Ordenaci\u00f3n y Planificaci\u00f3n del Transporte del Gobierno Vasco, los ex\u00e1menes correspondientes a la convocatoria de este a\u00f1o se realizar\u00e1n despu\u00e9s del verano, probablemente durante el mes de octubre.<\/p>\n","protected":false},"excerpt":{"rendered":"<p>Seg\u00fan la informaci\u00f3n facilitada por el \u00c1rea de Transportes del<a href=\"https:\/\/www.guitrans.eus\/eu\/2018\/05\/22\/examenes-competencia-profesional-en-la-cav-ano-2018\/\" rel=\"nofollow\">Seguir leyendo&#8230;<\/a><\/p>\n","protected":false},"author":1,"featured_media":0,"comment_status":"open","ping_status":"open","sticky":false,"template":"","format":"standard","meta":{"footnotes":""},"categories":[32],"tags":[],"class_list":["post-6010","post","type-post","status-publish","format-standard","hentry","category-quienes-somos"],"_links":{"self":[{"href":"https:\/\/www.guitrans.eus\/eu\/wp-json\/wp\/v2\/posts\/6010","targetHints":{"allow":["GET"]}}],"collection":[{"href":"https:\/\/www.guitrans.eus\/eu\/wp-json\/wp\/v2\/posts"}],"about":[{"href":"https:\/\/www.guitrans.eus\/eu\/wp-json\/wp\/v2\/types\/post"}],"author":[{"embeddable":true,"href":"https:\/\/www.guitrans.eus\/eu\/wp-json\/wp\/v2\/users\/1"}],"replies":[{"embeddable":true,"href":"https:\/\/www.guitrans.eus\/eu\/wp-json\/wp\/v2\/comments?post=6010"}],"version-history":[{"count":0,"href":"https:\/\/www.guitrans.eus\/eu\/wp-json\/wp\/v2\/posts\/6010\/revisions"}],"wp:attachment":[{"href":"https:\/\/www.guitrans.eus\/eu\/wp-json\/wp\/v2\/media?parent=6010"}],"wp:term":[{"taxonomy":"category","embeddable":true,"href":"https:\/\/www.guitrans.eus\/eu\/wp-json\/wp\/v2\/categories?post=6010"},{"taxonomy":"post_tag","embeddable":true,"href":"https:\/\/www.guitrans.eus\/eu\/wp-json\/wp\/v2\/tags?post=6010"}],"curies":[{"name":"wp","href":"https:\/\/api.w.org\/{rel}","templated":true}]}}