{"id":6047,"date":"2018-06-20T00:00:00","date_gmt":"2018-06-19T22:00:00","guid":{"rendered":"https:\/\/guitrans.eus\/wp\/index.php\/2018\/06\/20\/iniciadas-las-obras-en-el-tunel-san-lorenzo-en-la-a-15\/"},"modified":"2018-06-20T00:00:00","modified_gmt":"2018-06-19T22:00:00","slug":"iniciadas-las-obras-en-el-tunel-san-lorenzo-en-la-a-15","status":"publish","type":"post","link":"https:\/\/www.guitrans.eus\/eu\/2018\/06\/20\/iniciadas-las-obras-en-el-tunel-san-lorenzo-en-la-a-15\/","title":{"rendered":"Iniciadas las obras en el t\u00fanel San Lorenzo en la A-15"},"content":{"rendered":"<p>Ese mismo d\u00eda se ha instalado la se\u00f1alizaci\u00f3n con los avisos de las incidencias que causar\u00e1 esta obra, en la que se invertir\u00e1n 5 millones de euros para reforzar la cubierta del t\u00fanel y mejorar sus instalaciones.En los pr\u00f3ximos cuatro meses, se dispondr\u00e1 de un grupo de primera intervenci\u00f3n las 24 horas del d\u00eda, as\u00ed como de radares, para garantizar la seguridad.<\/p>\n","protected":false},"excerpt":{"rendered":"<p>La Diputaci\u00f3n de Gipuzkoa ha iniciado esta pasado lunes d\u00eda 18 las obras del t\u00fanel de San Lorenzo-Larre en la autopista A-15 en direcci\u00f3n a Pamplona, que durar\u00e1n cuatro meses, durante los cuales no podr\u00e1n circular veh\u00edculos de una altura superior a 4,5 metros y de m\u00e1s de 3 metros de ancho, ni los que transporten mercanc\u00edas peligrosas. Adem\u00e1s, el 2 de julio se cerrar\u00e1 el t\u00fanel en direcci\u00f3n Pamplona, entre Andoain y Berastegi, por lo que el tr\u00e1fico ser\u00e1 desviado a los carriles en sentido Donostia.<\/p>\n","protected":false},"author":1,"featured_media":0,"comment_status":"open","ping_status":"open","sticky":false,"template":"","format":"standard","meta":{"footnotes":""},"categories":[36],"tags":[],"class_list":["post-6047","post","type-post","status-publish","format-standard","hentry","category-trafico-seguridad-vial"],"_links":{"self":[{"href":"https:\/\/www.guitrans.eus\/eu\/wp-json\/wp\/v2\/posts\/6047","targetHints":{"allow":["GET"]}}],"collection":[{"href":"https:\/\/www.guitrans.eus\/eu\/wp-json\/wp\/v2\/posts"}],"about":[{"href":"https:\/\/www.guitrans.eus\/eu\/wp-json\/wp\/v2\/types\/post"}],"author":[{"embeddable":true,"href":"https:\/\/www.guitrans.eus\/eu\/wp-json\/wp\/v2\/users\/1"}],"replies":[{"embeddable":true,"href":"https:\/\/www.guitrans.eus\/eu\/wp-json\/wp\/v2\/comments?post=6047"}],"version-history":[{"count":0,"href":"https:\/\/www.guitrans.eus\/eu\/wp-json\/wp\/v2\/posts\/6047\/revisions"}],"wp:attachment":[{"href":"https:\/\/www.guitrans.eus\/eu\/wp-json\/wp\/v2\/media?parent=6047"}],"wp:term":[{"taxonomy":"category","embeddable":true,"href":"https:\/\/www.guitrans.eus\/eu\/wp-json\/wp\/v2\/categories?post=6047"},{"taxonomy":"post_tag","embeddable":true,"href":"https:\/\/www.guitrans.eus\/eu\/wp-json\/wp\/v2\/tags?post=6047"}],"curies":[{"name":"wp","href":"https:\/\/api.w.org\/{rel}","templated":true}]}}