{"id":6057,"date":"2018-06-27T00:00:00","date_gmt":"2018-06-26T22:00:00","guid":{"rendered":"https:\/\/guitrans.eus\/wp\/index.php\/2018\/06\/27\/cav-tramitacion-telematica-obligatoria-de-autorizaciones-de-transporte-especial-a-partir-del-14-de-julio\/"},"modified":"2018-06-27T00:00:00","modified_gmt":"2018-06-26T22:00:00","slug":"cav-tramitacion-telematica-obligatoria-de-autorizaciones-de-transporte-especial-a-partir-del-14-de-julio","status":"publish","type":"post","link":"https:\/\/www.guitrans.eus\/eu\/2018\/06\/27\/cav-tramitacion-telematica-obligatoria-de-autorizaciones-de-transporte-especial-a-partir-del-14-de-julio\/","title":{"rendered":"CAV: Tramitaci\u00f3n telem\u00e1tica obligatoria de autorizaciones de transporte especial a partir del 14 de julio"},"content":{"rendered":"<p>Tanto las nuevas solicitudes, como las renovaciones y modificaciones de autorizaciones complementarias de circulaci\u00f3n, se deben tramitar exclusivamente a partir del pr\u00f3ximo 14 de julio por v\u00eda telem\u00e1tica. Hasta esa fecha se tramitar\u00e1n tambi\u00e9n en las distintas oficinas territoriales de Tr\u00e1fico del Gobierno Vasco. Enlace a la p\u00e1gina web donde tramitar las autorizaciones.<\/p>\n","protected":false},"excerpt":{"rendered":"<p>Tanto las nuevas solicitudes, como las renovaciones y modificaciones de<a href=\"https:\/\/www.guitrans.eus\/eu\/2018\/06\/27\/cav-tramitacion-telematica-obligatoria-de-autorizaciones-de-transporte-especial-a-partir-del-14-de-julio\/\" rel=\"nofollow\">Seguir leyendo&#8230;<\/a><\/p>\n","protected":false},"author":1,"featured_media":0,"comment_status":"open","ping_status":"open","sticky":false,"template":"","format":"standard","meta":{"footnotes":""},"categories":[11],"tags":[],"class_list":["post-6057","post","type-post","status-publish","format-standard","hentry","category-especialidades"],"_links":{"self":[{"href":"https:\/\/www.guitrans.eus\/eu\/wp-json\/wp\/v2\/posts\/6057","targetHints":{"allow":["GET"]}}],"collection":[{"href":"https:\/\/www.guitrans.eus\/eu\/wp-json\/wp\/v2\/posts"}],"about":[{"href":"https:\/\/www.guitrans.eus\/eu\/wp-json\/wp\/v2\/types\/post"}],"author":[{"embeddable":true,"href":"https:\/\/www.guitrans.eus\/eu\/wp-json\/wp\/v2\/users\/1"}],"replies":[{"embeddable":true,"href":"https:\/\/www.guitrans.eus\/eu\/wp-json\/wp\/v2\/comments?post=6057"}],"version-history":[{"count":0,"href":"https:\/\/www.guitrans.eus\/eu\/wp-json\/wp\/v2\/posts\/6057\/revisions"}],"wp:attachment":[{"href":"https:\/\/www.guitrans.eus\/eu\/wp-json\/wp\/v2\/media?parent=6057"}],"wp:term":[{"taxonomy":"category","embeddable":true,"href":"https:\/\/www.guitrans.eus\/eu\/wp-json\/wp\/v2\/categories?post=6057"},{"taxonomy":"post_tag","embeddable":true,"href":"https:\/\/www.guitrans.eus\/eu\/wp-json\/wp\/v2\/tags?post=6057"}],"curies":[{"name":"wp","href":"https:\/\/api.w.org\/{rel}","templated":true}]}}