{"id":6092,"date":"2018-08-06T00:00:00","date_gmt":"2018-08-05T22:00:00","guid":{"rendered":"https:\/\/guitrans.eus\/wp\/index.php\/2018\/08\/06\/nuevas-reglas-de-inscripcion-en-la-seguridad-social-para-evitar-los-falsos-autonomos\/"},"modified":"2018-08-06T00:00:00","modified_gmt":"2018-08-05T22:00:00","slug":"nuevas-reglas-de-inscripcion-en-la-seguridad-social-para-evitar-los-falsos-autonomos","status":"publish","type":"post","link":"https:\/\/www.guitrans.eus\/eu\/2018\/08\/06\/nuevas-reglas-de-inscripcion-en-la-seguridad-social-para-evitar-los-falsos-autonomos\/","title":{"rendered":"Nuevas reglas de inscripci\u00f3n en la Seguridad Social para evitar los falsos aut\u00f3nomos"},"content":{"rendered":"<p>La medida aprobada trata de evitar las incidencias que se han venido produciendo en los procedimientos iniciados por la Inspecci\u00f3n de Trabajo cuando, tras practicar la Tesorer\u00eda General de la Seguridad Social las altas de oficio de los trabajadores en el Fichero General de Afiliaci\u00f3n, las empresas o los propios trabajadores tramitaban la baja de esos mismos trabajadores y por esos mismos periodos a trav\u00e9s del Sistema de remisi\u00f3n electr\u00f3nica de datos (RED).<\/p>\n<p>Mediante el Real Decreto aprobado se reforman los art\u00edculos 31 y 35 del Reglamento General sobre inscripci\u00f3n de empresas, altas, bajas y variaciones de datos de trabajadores en la Seguridad Social.<\/p>\n<p>  Lo m\u00e1s importante es que partir de ahora, ser\u00e1n preceptivos los Informes de la Inspecci\u00f3n de Trabajo y Seguridad Social para resolver las solicitudes de baja que se formulen tras haberse practicado altas de oficio, respecto a los mismos trabajadores a instancia de la propia Inspecci\u00f3n. Hasta ahora, estos informes eran potestativos.<\/p>\n<p>  Asimismo las bajas y variaciones de datos formuladas por las empresas o trabajadores no producir\u00e1n efectos ni extinguir\u00e1n la obligaci\u00f3n de cotizar aquellas bajas y variaciones de datos cuando afecten a los periodos de tiempo comprendidos en las actas de la Inspecci\u00f3n de Trabajo y Seguridad Social, que motivaron la tramitaci\u00f3n del alta y variaci\u00f3n de datos de oficio, por parte de la Tesorer\u00eda General de la Seguridad Social, respecto a los mismos trabajadores.<\/p>\n","protected":false},"excerpt":{"rendered":"<p>El Real Decreto 997\/2018 publicado en el BOE de 4 de agosto, modifica la normativa de Seguridad Social para garantizar la afiliaci\u00f3n de los falsos aut\u00f3nomos en el R\u00e9gimen General de la Seguridad Social.<\/p>\n","protected":false},"author":1,"featured_media":0,"comment_status":"open","ping_status":"open","sticky":false,"template":"","format":"standard","meta":{"footnotes":""},"categories":[119],"tags":[],"class_list":["post-6092","post","type-post","status-publish","format-standard","hentry","category-lan-arloa"],"_links":{"self":[{"href":"https:\/\/www.guitrans.eus\/eu\/wp-json\/wp\/v2\/posts\/6092","targetHints":{"allow":["GET"]}}],"collection":[{"href":"https:\/\/www.guitrans.eus\/eu\/wp-json\/wp\/v2\/posts"}],"about":[{"href":"https:\/\/www.guitrans.eus\/eu\/wp-json\/wp\/v2\/types\/post"}],"author":[{"embeddable":true,"href":"https:\/\/www.guitrans.eus\/eu\/wp-json\/wp\/v2\/users\/1"}],"replies":[{"embeddable":true,"href":"https:\/\/www.guitrans.eus\/eu\/wp-json\/wp\/v2\/comments?post=6092"}],"version-history":[{"count":0,"href":"https:\/\/www.guitrans.eus\/eu\/wp-json\/wp\/v2\/posts\/6092\/revisions"}],"wp:attachment":[{"href":"https:\/\/www.guitrans.eus\/eu\/wp-json\/wp\/v2\/media?parent=6092"}],"wp:term":[{"taxonomy":"category","embeddable":true,"href":"https:\/\/www.guitrans.eus\/eu\/wp-json\/wp\/v2\/categories?post=6092"},{"taxonomy":"post_tag","embeddable":true,"href":"https:\/\/www.guitrans.eus\/eu\/wp-json\/wp\/v2\/tags?post=6092"}],"curies":[{"name":"wp","href":"https:\/\/api.w.org\/{rel}","templated":true}]}}