{"id":6094,"date":"2018-08-07T00:00:00","date_gmt":"2018-08-06T22:00:00","guid":{"rendered":"https:\/\/guitrans.eus\/wp\/index.php\/2018\/08\/07\/los-parados-podran-reactivar-la-ayuda-de-430-euros\/"},"modified":"2018-08-07T00:00:00","modified_gmt":"2018-08-06T22:00:00","slug":"los-parados-podran-reactivar-la-ayuda-de-430-euros","status":"publish","type":"post","link":"https:\/\/www.guitrans.eus\/eu\/2018\/08\/07\/los-parados-podran-reactivar-la-ayuda-de-430-euros\/","title":{"rendered":"Los parados podr\u00e1n reactivar la ayuda de 430 euros"},"content":{"rendered":"<p>En todo caso no se trata de una nueva convocatoria del Plan de Activaci\u00f3n para el Empleo, que finaliz\u00f3 el 30 de abril y que, por tanto, no admite nuevas solicitudes. Este Real Decreto-Ley beneficia solo a aquellos parados que habiendo tenido aprobada ya la ayuda de la PAE, la perdieron y no pudieron completar los seis meses de duraci\u00f3n prevista por haber dejado de cumplir alguno de los requisitos que daban acceso a la ayuda.<\/p>\n","protected":false},"excerpt":{"rendered":"<p>El pasado 4 de agosto se public\u00f3 en el BOE el Real Decreto-Ley 8\/2018, que modifica el programa de activaci\u00f3n para el empleo. Los parados podr\u00e1n reactivar la ayuda de 430 euros, aunque esta hubiera quedado suspendida autom\u00e1ticamente al conseguir un contrato de trabajo, aunque este fuera muy corto. Hasta el momento esta reactivaci\u00f3n no era posible.<\/p>\n","protected":false},"author":1,"featured_media":0,"comment_status":"open","ping_status":"open","sticky":false,"template":"","format":"standard","meta":{"footnotes":""},"categories":[119],"tags":[],"class_list":["post-6094","post","type-post","status-publish","format-standard","hentry","category-lan-arloa"],"_links":{"self":[{"href":"https:\/\/www.guitrans.eus\/eu\/wp-json\/wp\/v2\/posts\/6094","targetHints":{"allow":["GET"]}}],"collection":[{"href":"https:\/\/www.guitrans.eus\/eu\/wp-json\/wp\/v2\/posts"}],"about":[{"href":"https:\/\/www.guitrans.eus\/eu\/wp-json\/wp\/v2\/types\/post"}],"author":[{"embeddable":true,"href":"https:\/\/www.guitrans.eus\/eu\/wp-json\/wp\/v2\/users\/1"}],"replies":[{"embeddable":true,"href":"https:\/\/www.guitrans.eus\/eu\/wp-json\/wp\/v2\/comments?post=6094"}],"version-history":[{"count":0,"href":"https:\/\/www.guitrans.eus\/eu\/wp-json\/wp\/v2\/posts\/6094\/revisions"}],"wp:attachment":[{"href":"https:\/\/www.guitrans.eus\/eu\/wp-json\/wp\/v2\/media?parent=6094"}],"wp:term":[{"taxonomy":"category","embeddable":true,"href":"https:\/\/www.guitrans.eus\/eu\/wp-json\/wp\/v2\/categories?post=6094"},{"taxonomy":"post_tag","embeddable":true,"href":"https:\/\/www.guitrans.eus\/eu\/wp-json\/wp\/v2\/tags?post=6094"}],"curies":[{"name":"wp","href":"https:\/\/api.w.org\/{rel}","templated":true}]}}