{"id":6129,"date":"2018-09-06T00:00:00","date_gmt":"2018-09-05T22:00:00","guid":{"rendered":"https:\/\/guitrans.eus\/wp\/index.php\/2018\/09\/06\/radar-temporal-instalado-en-la-ap-15-ante-el-incremento-de-vehiculos-por-el-tubo-bidireccional-del-tunel-de-san-lorenzo\/"},"modified":"2018-09-06T00:00:00","modified_gmt":"2018-09-05T22:00:00","slug":"radar-temporal-instalado-en-la-ap-15-ante-el-incremento-de-vehiculos-por-el-tubo-bidireccional-del-tunel-de-san-lorenzo","status":"publish","type":"post","link":"https:\/\/www.guitrans.eus\/eu\/2018\/09\/06\/radar-temporal-instalado-en-la-ap-15-ante-el-incremento-de-vehiculos-por-el-tubo-bidireccional-del-tunel-de-san-lorenzo\/","title":{"rendered":"Radar temporal instalado en la AP-15 ante el incremento de veh\u00edculos por el tubo bidireccional del t\u00fanel de San Lorenzo"},"content":{"rendered":"<p>El radar est\u00e1 instalado en 2 p\u00f3rticos situados en las v\u00edas y puntos kilom\u00e9tricos siguientes de la A-15:  <\/p>\n<p>    p.k. 145,530 (direcci\u00f3n Pamplona), lateral del carril r\u00e1pido.<br \/>\n    p.k. 144,659 (direcci\u00f3n San Sebasti\u00e1n), lateral del carril lento.<br \/>\n  Se ha decidido su instalaci\u00f3n ante el incremento de veh\u00edculos pesados por las obras en el t\u00fanel de San<br \/>\n Lorenzo, que coinciden en el tiempo con el cierre del t\u00fanel de Belate y<br \/>\n con la prohibici\u00f3n de circulaci\u00f3n por matr\u00edcula par o impar que ha<br \/>\nestablecido el Gobierno de Navarra para la circulaci\u00f3n de veh\u00edculos<br \/>\npesados por el puerto antiguo de Belate.<br \/>\n En los puntos kilom\u00e9tricos sometidos a control de velocidad se<br \/>\ninformar\u00e1 al p\u00fablico de la existencia de cinem\u00f3metros por medio de<br \/>\nse\u00f1ales informativas adecuadas a tal fin.<\/p>\n","protected":false},"excerpt":{"rendered":"<p>En el BOPV de hoy, 6 de septiembre, se ha publicado la Resoluci\u00f3n de 31<br \/>\nde julio, de la Directora de Tr\u00e1fico, por la que se autoriza la<br \/>\ninstalaci\u00f3n y el uso de este radar temporal, no permanente, en dos puntos kilom\u00e9tricos de la AP-15.<\/p>\n","protected":false},"author":1,"featured_media":0,"comment_status":"open","ping_status":"open","sticky":false,"template":"","format":"standard","meta":{"footnotes":""},"categories":[36],"tags":[],"class_list":["post-6129","post","type-post","status-publish","format-standard","hentry","category-trafico-seguridad-vial"],"_links":{"self":[{"href":"https:\/\/www.guitrans.eus\/eu\/wp-json\/wp\/v2\/posts\/6129","targetHints":{"allow":["GET"]}}],"collection":[{"href":"https:\/\/www.guitrans.eus\/eu\/wp-json\/wp\/v2\/posts"}],"about":[{"href":"https:\/\/www.guitrans.eus\/eu\/wp-json\/wp\/v2\/types\/post"}],"author":[{"embeddable":true,"href":"https:\/\/www.guitrans.eus\/eu\/wp-json\/wp\/v2\/users\/1"}],"replies":[{"embeddable":true,"href":"https:\/\/www.guitrans.eus\/eu\/wp-json\/wp\/v2\/comments?post=6129"}],"version-history":[{"count":0,"href":"https:\/\/www.guitrans.eus\/eu\/wp-json\/wp\/v2\/posts\/6129\/revisions"}],"wp:attachment":[{"href":"https:\/\/www.guitrans.eus\/eu\/wp-json\/wp\/v2\/media?parent=6129"}],"wp:term":[{"taxonomy":"category","embeddable":true,"href":"https:\/\/www.guitrans.eus\/eu\/wp-json\/wp\/v2\/categories?post=6129"},{"taxonomy":"post_tag","embeddable":true,"href":"https:\/\/www.guitrans.eus\/eu\/wp-json\/wp\/v2\/tags?post=6129"}],"curies":[{"name":"wp","href":"https:\/\/api.w.org\/{rel}","templated":true}]}}