{"id":6164,"date":"2018-10-23T00:00:00","date_gmt":"2018-10-22T22:00:00","guid":{"rendered":"https:\/\/guitrans.eus\/wp\/index.php\/2018\/10\/23\/los-camiones-pueden-salir-de-la-ap-68-y-circular-por-la-n-232-para-realizar-avituallamiento-o-abastecimiento-incluido-el-repostaje\/"},"modified":"2018-10-23T00:00:00","modified_gmt":"2018-10-22T22:00:00","slug":"los-camiones-pueden-salir-de-la-ap-68-y-circular-por-la-n-232-para-realizar-avituallamiento-o-abastecimiento-incluido-el-repostaje","status":"publish","type":"post","link":"https:\/\/www.guitrans.eus\/eu\/2018\/10\/23\/los-camiones-pueden-salir-de-la-ap-68-y-circular-por-la-n-232-para-realizar-avituallamiento-o-abastecimiento-incluido-el-repostaje\/","title":{"rendered":"Los camiones pueden salir de la AP-68 y circular por la N-232 para realizar avituallamiento o abastecimiento, incluido el repostaje"},"content":{"rendered":"<p>Sin embargo, esta exenci\u00f3n qued\u00f3 en suspenso ante las dudas generadas<br \/>\nen la Direcci\u00f3n Provincial de Tr\u00e1fico por la Resoluci\u00f3n que as\u00ed lo<br \/>\npermit\u00eda y que fue publicada el 1 de septiembre BOE. Con el fin de<br \/>\nconseguir una correcta interpretaci\u00f3n, la Direcci\u00f3n de Tr\u00e1fico de La<br \/>\nRioja solicit\u00f3 una nota aclaratoria a Madrid y, el pasado 15 de octubre,<br \/>\n la Delegaci\u00f3n del Gobierno en La Rioja hizo p\u00fablica la respuesta de la<br \/>\nDirecci\u00f3n General de Tr\u00e1fico, confirmando la ampliaci\u00f3n de supuestos en<br \/>\nlos que los transportistas pueden abandonar la autopista. Si desde la<br \/>\nentrada en vigor del desv\u00edo obligatorio por la AP-68, la exenci\u00f3n se<br \/>\nlimitaba a descansos obligatorios y aver\u00edas, a partir de ahora tambi\u00e9n<br \/>\nestar\u00e1 permitido que abandonen la autopista para avituallarse y<br \/>\nrepostar. Deber\u00e1n, eso s\u00ed, entrar por el mismo punto en<br \/>\n el que hayan abandonado la AP-68. Adem\u00e1s, las salidas estar\u00e1n<br \/>\n\u00abconvenientemente justificadas\u00bb con documentos que, reflejando fecha y<br \/>\nhora, acrediten que se ajustan a los t\u00e9rminos de la exenci\u00f3n.<\/p>\n","protected":false},"excerpt":{"rendered":"<p>Tambi\u00e9n para realizar operaciones  de  reparaci\u00f3n  o<br \/>\nmantenimiento del veh\u00edculo y ten\u00edan que poder haberlo hecho desde el pasado 2 de septiembre.<\/p>\n","protected":false},"author":1,"featured_media":0,"comment_status":"open","ping_status":"open","sticky":false,"template":"","format":"standard","meta":{"footnotes":""},"categories":[88],"tags":[],"class_list":["post-6164","post","type-post","status-publish","format-standard","hentry","category-araudia"],"_links":{"self":[{"href":"https:\/\/www.guitrans.eus\/eu\/wp-json\/wp\/v2\/posts\/6164","targetHints":{"allow":["GET"]}}],"collection":[{"href":"https:\/\/www.guitrans.eus\/eu\/wp-json\/wp\/v2\/posts"}],"about":[{"href":"https:\/\/www.guitrans.eus\/eu\/wp-json\/wp\/v2\/types\/post"}],"author":[{"embeddable":true,"href":"https:\/\/www.guitrans.eus\/eu\/wp-json\/wp\/v2\/users\/1"}],"replies":[{"embeddable":true,"href":"https:\/\/www.guitrans.eus\/eu\/wp-json\/wp\/v2\/comments?post=6164"}],"version-history":[{"count":0,"href":"https:\/\/www.guitrans.eus\/eu\/wp-json\/wp\/v2\/posts\/6164\/revisions"}],"wp:attachment":[{"href":"https:\/\/www.guitrans.eus\/eu\/wp-json\/wp\/v2\/media?parent=6164"}],"wp:term":[{"taxonomy":"category","embeddable":true,"href":"https:\/\/www.guitrans.eus\/eu\/wp-json\/wp\/v2\/categories?post=6164"},{"taxonomy":"post_tag","embeddable":true,"href":"https:\/\/www.guitrans.eus\/eu\/wp-json\/wp\/v2\/tags?post=6164"}],"curies":[{"name":"wp","href":"https:\/\/api.w.org\/{rel}","templated":true}]}}