{"id":6179,"date":"2018-10-24T00:00:00","date_gmt":"2018-10-23T22:00:00","guid":{"rendered":"https:\/\/guitrans.eus\/wp\/index.php\/2018\/10\/24\/la-ecotasa-francesa-para-camiones-nacionales-y-extranjeros-va-tomando-forma\/"},"modified":"2018-10-24T00:00:00","modified_gmt":"2018-10-23T22:00:00","slug":"la-ecotasa-francesa-para-camiones-nacionales-y-extranjeros-va-tomando-forma","status":"publish","type":"post","link":"https:\/\/www.guitrans.eus\/eu\/2018\/10\/24\/la-ecotasa-francesa-para-camiones-nacionales-y-extranjeros-va-tomando-forma\/","title":{"rendered":"La ecotasa francesa para camiones, nacionales y extranjeros, va tomando forma"},"content":{"rendered":"<p>La ministra de Transportes del gobierno franc\u00e9s,  \u00c9lisabeth Borne, recibi\u00f3 en la ma\u00f1ana del pasado 19 de octubre a las principales organizaciones profesionales de transporte de mercanc\u00edas por carretera a las que adelant\u00f3 las tarifas previstas de la vi\u00f1eta que han dise\u00f1ado, y que deber\u00e1n abonar los camiones de m\u00e1s de 12 Tn, tanto locales como for\u00e1neos (430 euros al a\u00f1o para los camiones de 3 ejes y 1.200 euros para aquellos veh\u00edculos con 4 o m\u00e1s ejes).<\/p>\n","protected":false},"excerpt":{"rendered":"<p>La ministra de Transportes del gobierno franc\u00e9s, \u00c9lisabeth Borne, recibi\u00f3<a href=\"https:\/\/www.guitrans.eus\/eu\/2018\/10\/24\/la-ecotasa-francesa-para-camiones-nacionales-y-extranjeros-va-tomando-forma\/\" rel=\"nofollow\">Seguir leyendo&#8230;<\/a><\/p>\n","protected":false},"author":1,"featured_media":0,"comment_status":"open","ping_status":"open","sticky":false,"template":"","format":"standard","meta":{"footnotes":""},"categories":[87],"tags":[],"class_list":["post-6179","post","type-post","status-publish","format-standard","hentry","category-europa-eu"],"_links":{"self":[{"href":"https:\/\/www.guitrans.eus\/eu\/wp-json\/wp\/v2\/posts\/6179","targetHints":{"allow":["GET"]}}],"collection":[{"href":"https:\/\/www.guitrans.eus\/eu\/wp-json\/wp\/v2\/posts"}],"about":[{"href":"https:\/\/www.guitrans.eus\/eu\/wp-json\/wp\/v2\/types\/post"}],"author":[{"embeddable":true,"href":"https:\/\/www.guitrans.eus\/eu\/wp-json\/wp\/v2\/users\/1"}],"replies":[{"embeddable":true,"href":"https:\/\/www.guitrans.eus\/eu\/wp-json\/wp\/v2\/comments?post=6179"}],"version-history":[{"count":0,"href":"https:\/\/www.guitrans.eus\/eu\/wp-json\/wp\/v2\/posts\/6179\/revisions"}],"wp:attachment":[{"href":"https:\/\/www.guitrans.eus\/eu\/wp-json\/wp\/v2\/media?parent=6179"}],"wp:term":[{"taxonomy":"category","embeddable":true,"href":"https:\/\/www.guitrans.eus\/eu\/wp-json\/wp\/v2\/categories?post=6179"},{"taxonomy":"post_tag","embeddable":true,"href":"https:\/\/www.guitrans.eus\/eu\/wp-json\/wp\/v2\/tags?post=6179"}],"curies":[{"name":"wp","href":"https:\/\/api.w.org\/{rel}","templated":true}]}}