{"id":6238,"date":"2018-12-04T00:00:00","date_gmt":"2018-12-03T23:00:00","guid":{"rendered":"https:\/\/guitrans.eus\/wp\/index.php\/2018\/12\/04\/gasoleo-profesional-a-partir-de-1-de-enero-de-2019-aumenta-de-manera-considerable-la-cantidad-a-devolver\/"},"modified":"2018-12-04T00:00:00","modified_gmt":"2018-12-03T23:00:00","slug":"gasoleo-profesional-a-partir-de-1-de-enero-de-2019-aumenta-de-manera-considerable-la-cantidad-a-devolver","status":"publish","type":"post","link":"https:\/\/www.guitrans.eus\/eu\/2018\/12\/04\/gasoleo-profesional-a-partir-de-1-de-enero-de-2019-aumenta-de-manera-considerable-la-cantidad-a-devolver\/","title":{"rendered":"GAS\u00d3LEO PROFESIONAL: A partir de 1 de enero de 2019 aumenta de manera considerable la cantidad a devolver"},"content":{"rendered":"<p>En consecuencia, el precio del gasoil se incrementar\u00e1 en 4,8 c\u00e9ntimos en aquellas<br \/>\nComunidades Aut\u00f3nomas que no aplicaban el tramo auton\u00f3mico, como<br \/>\nla CAV, Cantabria, Castilla y Le\u00f3n, Navarra y La Rioja. Tambi\u00e9n subir\u00e1, aunque en menor medida, en Arag\u00f3n (2,4 c\u00e9ntimos de euro\/litro), Madrid<br \/>\n(3,1&nbsp;c\u00e9ntimos de euro\/litro), Asturias (0,8 c\u00e9ntimos de euro\/litro) y Extremadura<br \/>\n(0,96 c\u00e9ntimos de euro\/litro). Esta subida<br \/>\nse devolver\u00e1 \u00edntegra a todos los transportistas inscritos en el Censo de<br \/>\n Beneficiarios del Gas\u00f3leo Profesional.<\/p>\n<p>Se mantiene<br \/>\nla devoluci\u00f3n parcial por el gas\u00f3leo de uso profesional que a partir de<br \/>\n 1 de enero de 2019 ser\u00e1 de 4,9 c\u00e9ntimos por litro (0,049 euros por cada<br \/>\n litro, teniendo en cuenta que el m\u00e1ximo est\u00e1 establecido en 50.000<br \/>\nlitros por veh\u00edculo al a\u00f1o, la cantidad m\u00e1xima que se puede obtener es<br \/>\nde 2.450 euros por veh\u00edculo al a\u00f1o).<br \/>\nSe recuerda que pueden<br \/>\nser beneficiarios del gas\u00f3leo profesionales aquellos titulares de<br \/>\nveh\u00edculos de m\u00e1s de 7,5 Tn de MMA quienes tendr\u00e1n la obligaci\u00f3n de declarar los kil\u00f3metros<br \/>\nanuales recorridos de los veh\u00edculos dados de alta en el Censo. <\/p>\n<p>Si no est\u00e1 dado de alta en el Censo de Beneficiarios del Gas\u00f3leo<br \/>\nProfesional, puede realizar esta gesti\u00f3n a trav\u00e9s del Departamento de<br \/>\nGestiones de Fundaci\u00f3n GUITRANS Fundazioa (943-316707, ext. 1).<\/p>\n","protected":false},"excerpt":{"rendered":"<p>Como ya se anunci\u00f3 anteriormente, el pr\u00f3ximo 1 de enero se integra el tramo auton\u00f3mico en el tipo estatal especial (hasta<br \/>\n48 euros por cada 1.000 litros), es decir, se equipara el tramo auton\u00f3mico del Impuesto sobre Hidrocarburos en todas las Comunidades Aut\u00f3nomas, quedando fijado en 4,8 c\u00e9ntimos de euro el litro, igual\u00e1ndose la aplicaci\u00f3n del impuesto en todo el<br \/>\nterritorio del Estado para garantizar la unidad de mercado.<\/p>\n","protected":false},"author":1,"featured_media":0,"comment_status":"open","ping_status":"open","sticky":false,"template":"","format":"standard","meta":{"footnotes":""},"categories":[16],"tags":[],"class_list":["post-6238","post","type-post","status-publish","format-standard","hentry","category-gasoleo"],"_links":{"self":[{"href":"https:\/\/www.guitrans.eus\/eu\/wp-json\/wp\/v2\/posts\/6238","targetHints":{"allow":["GET"]}}],"collection":[{"href":"https:\/\/www.guitrans.eus\/eu\/wp-json\/wp\/v2\/posts"}],"about":[{"href":"https:\/\/www.guitrans.eus\/eu\/wp-json\/wp\/v2\/types\/post"}],"author":[{"embeddable":true,"href":"https:\/\/www.guitrans.eus\/eu\/wp-json\/wp\/v2\/users\/1"}],"replies":[{"embeddable":true,"href":"https:\/\/www.guitrans.eus\/eu\/wp-json\/wp\/v2\/comments?post=6238"}],"version-history":[{"count":0,"href":"https:\/\/www.guitrans.eus\/eu\/wp-json\/wp\/v2\/posts\/6238\/revisions"}],"wp:attachment":[{"href":"https:\/\/www.guitrans.eus\/eu\/wp-json\/wp\/v2\/media?parent=6238"}],"wp:term":[{"taxonomy":"category","embeddable":true,"href":"https:\/\/www.guitrans.eus\/eu\/wp-json\/wp\/v2\/categories?post=6238"},{"taxonomy":"post_tag","embeddable":true,"href":"https:\/\/www.guitrans.eus\/eu\/wp-json\/wp\/v2\/tags?post=6238"}],"curies":[{"name":"wp","href":"https:\/\/api.w.org\/{rel}","templated":true}]}}