{"id":6332,"date":"2019-02-15T00:00:00","date_gmt":"2019-02-14T23:00:00","guid":{"rendered":"https:\/\/guitrans.eus\/wp\/index.php\/2019\/02\/15\/introduccion-de-cabinas-aerodinamicas-de-camiones-a-partir-de-septiembre-de-2020-el-consejo-de-estado-de-la-ue-aprueba-un-acuerdo-provisional\/"},"modified":"2019-02-15T00:00:00","modified_gmt":"2019-02-14T23:00:00","slug":"introduccion-de-cabinas-aerodinamicas-de-camiones-a-partir-de-septiembre-de-2020-el-consejo-de-estado-de-la-ue-aprueba-un-acuerdo-provisional","status":"publish","type":"post","link":"https:\/\/www.guitrans.eus\/eu\/2019\/02\/15\/introduccion-de-cabinas-aerodinamicas-de-camiones-a-partir-de-septiembre-de-2020-el-consejo-de-estado-de-la-ue-aprueba-un-acuerdo-provisional\/","title":{"rendered":"Introducci\u00f3n de cabinas aerodin\u00e1micas de camiones a partir de septiembre de 2020: el Consejo  de Estado de la UE aprueba un acuerdo provisional"},"content":{"rendered":"<p>El Comit\u00e9 de Representantes Permanentes del Consejo confirm\u00f3 el pasado<br \/>\nviernes d\u00eda 15 el acuerdo provisional entre la Presidencia rumana y el<br \/>\nParlamento Europeo en relaci\u00f3n con la modificaci\u00f3n de la Directiva sobre<br \/>\n la longitud m\u00e1xima de los camiones, a fin de avanzar en la introducci\u00f3n<br \/>\n de cabinas m\u00e1s largas y aerodin\u00e1micas. Gracias a la forma redondeada de<br \/>\n la parte delantera de la cabina se reducir\u00e1 significativamente el<br \/>\nconsumo de combustible y se mejorar\u00e1 la seguridad.Antes de introducir las cabinas aerodin\u00e1micas en el mercado estas<br \/>\ndeben cumplir los requisitos de homologaci\u00f3n de tipo necesarios. Dichos<br \/>\nrequisitos de homologaci\u00f3n de tipo se establecer\u00e1n el 1 de noviembre de<br \/>\n2019 a m\u00e1s tardar.<br \/>\nLa votaci\u00f3n formal en el Parlamento y en el Consejo tendr\u00e1 lugar<br \/>\nulteriormente, con objeto de concluir este expediente durante el mandato<br \/>\n actual del Parlamento.<\/p>\n","protected":false},"excerpt":{"rendered":"<p>Ya el 1 de septiembre de 2020 podr\u00e1n introducirse en el mercado cabinas de camiones m\u00e1s seguras y m\u00e1s eficientes energ\u00e9ticamente.<\/p>\n","protected":false},"author":1,"featured_media":0,"comment_status":"open","ping_status":"open","sticky":false,"template":"","format":"standard","meta":{"footnotes":""},"categories":[12],"tags":[],"class_list":["post-6332","post","type-post","status-publish","format-standard","hentry","category-europa"],"_links":{"self":[{"href":"https:\/\/www.guitrans.eus\/eu\/wp-json\/wp\/v2\/posts\/6332","targetHints":{"allow":["GET"]}}],"collection":[{"href":"https:\/\/www.guitrans.eus\/eu\/wp-json\/wp\/v2\/posts"}],"about":[{"href":"https:\/\/www.guitrans.eus\/eu\/wp-json\/wp\/v2\/types\/post"}],"author":[{"embeddable":true,"href":"https:\/\/www.guitrans.eus\/eu\/wp-json\/wp\/v2\/users\/1"}],"replies":[{"embeddable":true,"href":"https:\/\/www.guitrans.eus\/eu\/wp-json\/wp\/v2\/comments?post=6332"}],"version-history":[{"count":0,"href":"https:\/\/www.guitrans.eus\/eu\/wp-json\/wp\/v2\/posts\/6332\/revisions"}],"wp:attachment":[{"href":"https:\/\/www.guitrans.eus\/eu\/wp-json\/wp\/v2\/media?parent=6332"}],"wp:term":[{"taxonomy":"category","embeddable":true,"href":"https:\/\/www.guitrans.eus\/eu\/wp-json\/wp\/v2\/categories?post=6332"},{"taxonomy":"post_tag","embeddable":true,"href":"https:\/\/www.guitrans.eus\/eu\/wp-json\/wp\/v2\/tags?post=6332"}],"curies":[{"name":"wp","href":"https:\/\/api.w.org\/{rel}","templated":true}]}}